{"id":21032,"date":"2023-02-22T17:30:01","date_gmt":"2023-02-22T15:30:01","guid":{"rendered":"https:\/\/cullarvega.com\/casa-cultura\/?p=21032"},"modified":"2023-02-22T17:30:02","modified_gmt":"2023-02-22T15:30:02","slug":"actos-conmemorativos-dia-de-andalucia-2023","status":"publish","type":"post","link":"https:\/\/cullarvega.com\/casa-cultura\/actos-conmemorativos-dia-de-andalucia-2023\/","title":{"rendered":"Actos Conmemorativos D\u00eda de Andaluc\u00eda 2023"},"content":{"rendered":"\n<p>El viernes d\u00eda 24 de Febrero a partir de las 20:00 horas, tendr\u00e1 lugar, en el Teatro de la Casa de la Cultura, los<strong> Actos Conmemorativos del D\u00eda de Andaluc\u00eda<\/strong> <strong>2023 <\/strong>donde se har\u00e1 entrega de reconocimientos a personas y entidades destacadas del municipio.<\/p>\n\n\n\n<p>Los galardonados este a\u00f1o son:<\/p>\n\n\n\n<p>\u2013 <strong>D\u00aa F\u00e1tima G\u00e1lvez Mart\u00edn<\/strong>, vecina de C\u00fallar Vega, por su trayectoria en el Mundial de Tiro siendo medallista Ol\u00edmpica en Tokio 2021<\/p>\n\n\n\n<p>\u2013 <strong>Mes\u00f3n Lu\u00e1n<\/strong>, por su trayectoria como empresa familiar.<\/p>\n\n\n\n<p>\u2013 <strong>Asociaci\u00f3n Juvenil Imparables<\/strong>, por su labor social y de dinamizaci\u00f3n del sector joven de nuestro pueblo.<\/p>\n\n\n\n<p>\u2013 <strong>D. Jes\u00fas L\u00f3pez Atienza \u00abBombi\u00bb<\/strong>, por su lucha y capacidad de superaci\u00f3n.<\/p>\n\n\n\n<p><strong>\u2013 Pe\u00f1a Flamenca \u00abFrasquito Yerbabuena\u00bb, <\/strong>por su labor de fomento y recuperaci\u00f3n de la Cultura del Flamenco en nuestro municipio.<\/p>\n\n\n\n<p>\u2013 <strong>D. Manuel Navajas Trujillo <\/strong>por toda su vida como responsable del Servicio de Emergencias de Granada.<\/p>\n\n\n\n<p>Invitamos a nuestras vecinas y vecinos a asistir al Acto de entrega y posterior concierto de la Banda de M\u00fasica Felipe Moreno<\/p>\n","protected":false},"excerpt":{"rendered":"<p>El viernes d\u00eda 24 de Febrero a partir de las 20:00 horas, tendr\u00e1 lugar, en el Teatro de la Casa de la Cultura, los Actos Conmemorativos del D\u00eda de Andaluc\u00eda 2023 donde se har\u00e1 entrega de reconocimientos a personas y entidades destacadas del municipio. Los galardonados este a\u00f1o son: \u2013 D\u00aa F\u00e1tima G\u00e1lvez Mart\u00edn, vecina [&hellip;]<\/p>\n","protected":false},"author":1,"featured_media":21033,"comment_status":"closed","ping_status":"open","sticky":false,"template":"","format":"standard","meta":{"footnotes":""},"categories":[175],"tags":[],"class_list":["post-21032","post","type-post","status-publish","format-standard","has-post-thumbnail","hentry","category-teatro"],"_links":{"self":[{"href":"https:\/\/cullarvega.com\/casa-cultura\/wp-json\/wp\/v2\/posts\/21032","targetHints":{"allow":["GET"]}}],"collection":[{"href":"https:\/\/cullarvega.com\/casa-cultura\/wp-json\/wp\/v2\/posts"}],"about":[{"href":"https:\/\/cullarvega.com\/casa-cultura\/wp-json\/wp\/v2\/types\/post"}],"author":[{"embeddable":true,"href":"https:\/\/cullarvega.com\/casa-cultura\/wp-json\/wp\/v2\/users\/1"}],"replies":[{"embeddable":true,"href":"https:\/\/cullarvega.com\/casa-cultura\/wp-json\/wp\/v2\/comments?post=21032"}],"version-history":[{"count":1,"href":"https:\/\/cullarvega.com\/casa-cultura\/wp-json\/wp\/v2\/posts\/21032\/revisions"}],"predecessor-version":[{"id":21034,"href":"https:\/\/cullarvega.com\/casa-cultura\/wp-json\/wp\/v2\/posts\/21032\/revisions\/21034"}],"wp:featuredmedia":[{"embeddable":true,"href":"https:\/\/cullarvega.com\/casa-cultura\/wp-json\/wp\/v2\/media\/21033"}],"wp:attachment":[{"href":"https:\/\/cullarvega.com\/casa-cultura\/wp-json\/wp\/v2\/media?parent=21032"}],"wp:term":[{"taxonomy":"category","embeddable":true,"href":"https:\/\/cullarvega.com\/casa-cultura\/wp-json\/wp\/v2\/categories?post=21032"},{"taxonomy":"post_tag","embeddable":true,"href":"https:\/\/cullarvega.com\/casa-cultura\/wp-json\/wp\/v2\/tags?post=21032"}],"curies":[{"name":"wp","href":"https:\/\/api.w.org\/{rel}","templated":true}]}}