{"id":21020,"date":"2023-02-14T18:00:04","date_gmt":"2023-02-14T16:00:04","guid":{"rendered":"https:\/\/cullarvega.com\/casa-cultura\/?p=21020"},"modified":"2023-02-16T23:04:21","modified_gmt":"2023-02-16T21:04:21","slug":"presentacion-del-disco-resurrectio-de-la-banda-de-musica-felipe-moreno-de-cullar-vega","status":"publish","type":"post","link":"https:\/\/cullarvega.com\/casa-cultura\/presentacion-del-disco-resurrectio-de-la-banda-de-musica-felipe-moreno-de-cullar-vega\/","title":{"rendered":"Rueda de prensa para presentar el Disco \u00abResurrectio\u00bb de la Banda de M\u00fasica \u00abFelipe Moreno\u00bb de C\u00fallar Vega"},"content":{"rendered":"\n<p>La Banda de M\u00fasica \u201cFelipe Moreno\u201d de C\u00fallar Vega presenta este domingo 19 de febrero a las 12:00 h, su nuevo trabajo discogr\u00e1fico titulado \u00ab<strong>Resurrectio<\/strong>\u00bb a trav\u00e9s de una rueda de prensa que podr\u00e1 asistir cualquier persona interesada. <\/p>\n\n\n\n<p>La cita es en el Auditorio de la Casa de la Cultura de C\u00fallar Vega y se dar\u00e1 a conocer tambi\u00e9n la portada del CD, ofreci\u00e9ndose informaci\u00f3n sobre todo el proceso de creaci\u00f3n del trabajo discogr\u00e1fico y los eventos programados por esta formaci\u00f3n musical de la provincia de Granada.<\/p>\n\n\n\n<figure class=\"wp-block-image size-large\"><a href=\"https:\/\/cullarvega.com\/casa-cultura\/wp-content\/uploads\/2023\/02\/30-seg-Empresas_20230216_215632_0000.png\"><img fetchpriority=\"high\" decoding=\"async\" width=\"1024\" height=\"1024\" src=\"https:\/\/cullarvega.com\/casa-cultura\/wp-content\/uploads\/2023\/02\/30-seg-Empresas_20230216_215632_0000-1024x1024.png\" alt=\"\" class=\"wp-image-21029\" srcset=\"https:\/\/cullarvega.com\/casa-cultura\/wp-content\/uploads\/2023\/02\/30-seg-Empresas_20230216_215632_0000-1024x1024.png 1024w, https:\/\/cullarvega.com\/casa-cultura\/wp-content\/uploads\/2023\/02\/30-seg-Empresas_20230216_215632_0000-300x300.png 300w, https:\/\/cullarvega.com\/casa-cultura\/wp-content\/uploads\/2023\/02\/30-seg-Empresas_20230216_215632_0000-150x150.png 150w, https:\/\/cullarvega.com\/casa-cultura\/wp-content\/uploads\/2023\/02\/30-seg-Empresas_20230216_215632_0000-768x768.png 768w, https:\/\/cullarvega.com\/casa-cultura\/wp-content\/uploads\/2023\/02\/30-seg-Empresas_20230216_215632_0000-600x600.png 600w, https:\/\/cullarvega.com\/casa-cultura\/wp-content\/uploads\/2023\/02\/30-seg-Empresas_20230216_215632_0000-560x560.png 560w, https:\/\/cullarvega.com\/casa-cultura\/wp-content\/uploads\/2023\/02\/30-seg-Empresas_20230216_215632_0000.png 1080w\" sizes=\"(max-width: 1024px) 100vw, 1024px\" \/><\/a><\/figure>\n","protected":false},"excerpt":{"rendered":"<p>La Banda de M\u00fasica \u201cFelipe Moreno\u201d de C\u00fallar Vega presenta este domingo 19 de febrero a las 12:00 h, su nuevo trabajo discogr\u00e1fico titulado \u00abResurrectio\u00bb a trav\u00e9s de una rueda de prensa que podr\u00e1 asistir cualquier persona interesada. La cita es en el Auditorio de la Casa de la Cultura de C\u00fallar Vega y se [&hellip;]<\/p>\n","protected":false},"author":1,"featured_media":21029,"comment_status":"closed","ping_status":"open","sticky":false,"template":"","format":"standard","meta":{"footnotes":""},"categories":[175],"tags":[],"class_list":["post-21020","post","type-post","status-publish","format-standard","has-post-thumbnail","hentry","category-teatro"],"_links":{"self":[{"href":"https:\/\/cullarvega.com\/casa-cultura\/wp-json\/wp\/v2\/posts\/21020","targetHints":{"allow":["GET"]}}],"collection":[{"href":"https:\/\/cullarvega.com\/casa-cultura\/wp-json\/wp\/v2\/posts"}],"about":[{"href":"https:\/\/cullarvega.com\/casa-cultura\/wp-json\/wp\/v2\/types\/post"}],"author":[{"embeddable":true,"href":"https:\/\/cullarvega.com\/casa-cultura\/wp-json\/wp\/v2\/users\/1"}],"replies":[{"embeddable":true,"href":"https:\/\/cullarvega.com\/casa-cultura\/wp-json\/wp\/v2\/comments?post=21020"}],"version-history":[{"count":3,"href":"https:\/\/cullarvega.com\/casa-cultura\/wp-json\/wp\/v2\/posts\/21020\/revisions"}],"predecessor-version":[{"id":21030,"href":"https:\/\/cullarvega.com\/casa-cultura\/wp-json\/wp\/v2\/posts\/21020\/revisions\/21030"}],"wp:featuredmedia":[{"embeddable":true,"href":"https:\/\/cullarvega.com\/casa-cultura\/wp-json\/wp\/v2\/media\/21029"}],"wp:attachment":[{"href":"https:\/\/cullarvega.com\/casa-cultura\/wp-json\/wp\/v2\/media?parent=21020"}],"wp:term":[{"taxonomy":"category","embeddable":true,"href":"https:\/\/cullarvega.com\/casa-cultura\/wp-json\/wp\/v2\/categories?post=21020"},{"taxonomy":"post_tag","embeddable":true,"href":"https:\/\/cullarvega.com\/casa-cultura\/wp-json\/wp\/v2\/tags?post=21020"}],"curies":[{"name":"wp","href":"https:\/\/api.w.org\/{rel}","templated":true}]}}