{"id":21015,"date":"2023-02-15T14:24:00","date_gmt":"2023-02-15T12:24:00","guid":{"rendered":"https:\/\/cullarvega.com\/casa-cultura\/?p=21015"},"modified":"2023-02-16T09:52:35","modified_gmt":"2023-02-16T07:52:35","slug":"recital-poetico-que-siente-la-sinesteta-con-el-negro-esperanza","status":"publish","type":"post","link":"https:\/\/cullarvega.com\/casa-cultura\/recital-poetico-que-siente-la-sinesteta-con-el-negro-esperanza\/","title":{"rendered":"Recital Po\u00e9tico \u00abqu\u00e9 siente la sin\u00e9steta con el negro esperanza\u00bb"},"content":{"rendered":"\n<p>El 13 de marzo a las 18:30 h. en el Teatro de la Casa de la Cultura, recital Po\u00e9tico<strong> \u00abqu\u00e9 siente la sin\u00e9steta con el negro esperanza\u00bb<\/strong>, un espect\u00e1culo de sobreestimulaci\u00f3n sensorial en torno al poemario de Erika Cipr\u00e9 con las interpretaciones musicales de Sergio Rivas.<\/p>\n\n\n\n<p>Entrada libre hasta completar aforo.<\/p>\n","protected":false},"excerpt":{"rendered":"<p>El 13 de marzo a las 18:30 h. en el Teatro de la Casa de la Cultura, recital Po\u00e9tico \u00abqu\u00e9 siente la sin\u00e9steta con el negro esperanza\u00bb, un espect\u00e1culo de sobreestimulaci\u00f3n sensorial en torno al poemario de Erika Cipr\u00e9 con las interpretaciones musicales de Sergio Rivas. Entrada libre hasta completar aforo.<\/p>\n","protected":false},"author":1,"featured_media":21016,"comment_status":"closed","ping_status":"open","sticky":false,"template":"","format":"standard","meta":{"footnotes":""},"categories":[175],"tags":[],"class_list":["post-21015","post","type-post","status-publish","format-standard","has-post-thumbnail","hentry","category-teatro"],"_links":{"self":[{"href":"https:\/\/cullarvega.com\/casa-cultura\/wp-json\/wp\/v2\/posts\/21015","targetHints":{"allow":["GET"]}}],"collection":[{"href":"https:\/\/cullarvega.com\/casa-cultura\/wp-json\/wp\/v2\/posts"}],"about":[{"href":"https:\/\/cullarvega.com\/casa-cultura\/wp-json\/wp\/v2\/types\/post"}],"author":[{"embeddable":true,"href":"https:\/\/cullarvega.com\/casa-cultura\/wp-json\/wp\/v2\/users\/1"}],"replies":[{"embeddable":true,"href":"https:\/\/cullarvega.com\/casa-cultura\/wp-json\/wp\/v2\/comments?post=21015"}],"version-history":[{"count":2,"href":"https:\/\/cullarvega.com\/casa-cultura\/wp-json\/wp\/v2\/posts\/21015\/revisions"}],"predecessor-version":[{"id":21026,"href":"https:\/\/cullarvega.com\/casa-cultura\/wp-json\/wp\/v2\/posts\/21015\/revisions\/21026"}],"wp:featuredmedia":[{"embeddable":true,"href":"https:\/\/cullarvega.com\/casa-cultura\/wp-json\/wp\/v2\/media\/21016"}],"wp:attachment":[{"href":"https:\/\/cullarvega.com\/casa-cultura\/wp-json\/wp\/v2\/media?parent=21015"}],"wp:term":[{"taxonomy":"category","embeddable":true,"href":"https:\/\/cullarvega.com\/casa-cultura\/wp-json\/wp\/v2\/categories?post=21015"},{"taxonomy":"post_tag","embeddable":true,"href":"https:\/\/cullarvega.com\/casa-cultura\/wp-json\/wp\/v2\/tags?post=21015"}],"curies":[{"name":"wp","href":"https:\/\/api.w.org\/{rel}","templated":true}]}}