{"id":21004,"date":"2023-02-14T08:44:58","date_gmt":"2023-02-14T06:44:58","guid":{"rendered":"https:\/\/cullarvega.com\/casa-cultura\/?p=21004"},"modified":"2026-01-28T09:13:18","modified_gmt":"2026-01-28T07:13:18","slug":"taller-de-creacion-de-curriculum-vitae-con-canva","status":"publish","type":"post","link":"https:\/\/cullarvega.com\/casa-cultura\/taller-de-creacion-de-curriculum-vitae-con-canva\/","title":{"rendered":"Taller de \u00abCreaci\u00f3n de Curr\u00edculum Vitae con CANVA\u00bb"},"content":{"rendered":"\n<p>\u00bfQuieres aprender a redactar tu Curr\u00edculum Vitae y no sabes c\u00f3mo hacerlo? \u00bfTe gustar\u00eda innovar en la creaci\u00f3n porque el tuyo se ha quedado obsoleto y anticuado? \u00a1Pues acompa\u00f1amos en este taller en el que vas a aprender a crear curr\u00edculum actuales y atractivos!<\/p>\n\n\n\n<p><strong>D\u00eda\/Hora:<\/strong> 23 de febrero de 2023 <\/p>\n\n\n\n<p><strong>Plazas Limitadas<\/strong><\/p>\n\n\n\n<p><strong>Lugar<\/strong>: Centro Guadalinfo de C\u00fallar Vega (Planta Superior de la Casa de la Cultura de C\u00fallar Vega)<\/p>\n\n\n\n<p><strong>Inscripci\u00f3n online<\/strong>: <a href=\"https:\/\/forms.gle\/jXgJ982972j47YX3A\" target=\"_blank\" rel=\"noreferrer noopener\">https:\/\/forms.gle\/jXgJ982972j47YX3A<\/a><\/p>\n\n\n\n<p><strong>Informaci\u00f3n<\/strong>: WhatsApp 683 15 01 02<\/p>\n\n\n\n<figure class=\"wp-block-image size-full\"><a href=\"https:\/\/cullarvega.com\/casa-cultura\/wp-content\/uploads\/2023\/02\/image.png\"><img fetchpriority=\"high\" decoding=\"async\" width=\"724\" height=\"1024\" src=\"https:\/\/cullarvega.com\/casa-cultura\/wp-content\/uploads\/2023\/02\/image.png\" alt=\"\" class=\"wp-image-21005\" srcset=\"https:\/\/cullarvega.com\/casa-cultura\/wp-content\/uploads\/2023\/02\/image.png 724w, https:\/\/cullarvega.com\/casa-cultura\/wp-content\/uploads\/2023\/02\/image-212x300.png 212w, https:\/\/cullarvega.com\/casa-cultura\/wp-content\/uploads\/2023\/02\/image-424x600.png 424w, https:\/\/cullarvega.com\/casa-cultura\/wp-content\/uploads\/2023\/02\/image-396x560.png 396w\" sizes=\"(max-width: 724px) 100vw, 724px\" \/><\/a><\/figure>\n","protected":false},"excerpt":{"rendered":"<p>\u00bfQuieres aprender a redactar tu Curr\u00edculum Vitae y no sabes c\u00f3mo hacerlo? \u00bfTe gustar\u00eda innovar en la creaci\u00f3n porque el tuyo se ha quedado obsoleto y anticuado? \u00a1Pues acompa\u00f1amos en este taller en el que vas a aprender a crear curr\u00edculum actuales y atractivos! D\u00eda\/Hora: 23 de febrero de 2023 Plazas Limitadas Lugar: Centro Guadalinfo [&hellip;]<\/p>\n","protected":false},"author":1,"featured_media":21005,"comment_status":"closed","ping_status":"open","sticky":false,"template":"","format":"standard","meta":{"footnotes":""},"categories":[43],"tags":[],"class_list":["post-21004","post","type-post","status-publish","format-standard","has-post-thumbnail","hentry","category-punto-vuela"],"_links":{"self":[{"href":"https:\/\/cullarvega.com\/casa-cultura\/wp-json\/wp\/v2\/posts\/21004","targetHints":{"allow":["GET"]}}],"collection":[{"href":"https:\/\/cullarvega.com\/casa-cultura\/wp-json\/wp\/v2\/posts"}],"about":[{"href":"https:\/\/cullarvega.com\/casa-cultura\/wp-json\/wp\/v2\/types\/post"}],"author":[{"embeddable":true,"href":"https:\/\/cullarvega.com\/casa-cultura\/wp-json\/wp\/v2\/users\/1"}],"replies":[{"embeddable":true,"href":"https:\/\/cullarvega.com\/casa-cultura\/wp-json\/wp\/v2\/comments?post=21004"}],"version-history":[{"count":2,"href":"https:\/\/cullarvega.com\/casa-cultura\/wp-json\/wp\/v2\/posts\/21004\/revisions"}],"predecessor-version":[{"id":22199,"href":"https:\/\/cullarvega.com\/casa-cultura\/wp-json\/wp\/v2\/posts\/21004\/revisions\/22199"}],"wp:featuredmedia":[{"embeddable":true,"href":"https:\/\/cullarvega.com\/casa-cultura\/wp-json\/wp\/v2\/media\/21005"}],"wp:attachment":[{"href":"https:\/\/cullarvega.com\/casa-cultura\/wp-json\/wp\/v2\/media?parent=21004"}],"wp:term":[{"taxonomy":"category","embeddable":true,"href":"https:\/\/cullarvega.com\/casa-cultura\/wp-json\/wp\/v2\/categories?post=21004"},{"taxonomy":"post_tag","embeddable":true,"href":"https:\/\/cullarvega.com\/casa-cultura\/wp-json\/wp\/v2\/tags?post=21004"}],"curies":[{"name":"wp","href":"https:\/\/api.w.org\/{rel}","templated":true}]}}