{"id":20990,"date":"2023-02-02T16:52:09","date_gmt":"2023-02-02T14:52:09","guid":{"rendered":"https:\/\/cullarvega.com\/casa-cultura\/?p=20990"},"modified":"2023-02-02T16:58:06","modified_gmt":"2023-02-02T14:58:06","slug":"quierete-charla-para-aprender-a-gestionar-nuestra-vida-y-ser-nuestra-prioridad","status":"publish","type":"post","link":"https:\/\/cullarvega.com\/casa-cultura\/quierete-charla-para-aprender-a-gestionar-nuestra-vida-y-ser-nuestra-prioridad\/","title":{"rendered":"\u00a1QUI\u00c9RETE! charla para aprender a gestionar nuestra vida y ser nuestra prioridad"},"content":{"rendered":"\n<p>\u00bfHas actuado alguna vez impulsivamente sin pensar en las consecuencias que podr\u00eda tener?. O por el contrario, \u00bfno has tomado una decisi\u00f3n o no has dicho algo por miedo al qu\u00e9 dir\u00e1n o qu\u00e9 pensar\u00e1n?. <\/p>\n\n\n\n<p>Conoce un poco m\u00e1s sobre la <strong>ira<\/strong>, el <strong>miedo<\/strong>, el <strong>estr\u00e9s<\/strong> y la <strong>depresi\u00f3n<\/strong> que hasta ahora han podido estar manejando tu vida. <strong>Si quieres conocerte un poco mejor<\/strong>, si quieres ser el <strong>jefe de tu vida<\/strong> y quieres mejorar tus decisiones te esperamos en nuestra charla. Vente a invertir en ti y convi\u00e9rtete en tu prioridad. Entender\u00e1s c\u00f3mo funciona tu cerebro y c\u00f3mo adelantarte para tomar las mejores decisiones ya que hasta ahora has estado en: \u201cmodo supervivencia\u201d.<\/p>\n\n\n\n<p>Hablemos de h\u00e1bitos saludables, autoestima, los saboteadores mentales y con todo ello desarrollaremos un botiqu\u00edn de primeros auxilios para nuestras emociones y as\u00ed poder fortalecer nuestra \u00e1rea emocional, personal y racional.<\/p>\n\n\n\n<p><strong>Impartido por:<\/strong> Yolanda Arquero (Terapeuta y Coach de Transformaci\u00f3n) &#8211; <a href=\"mailto:info@yolandaarquero.com\">info@yolandaarquero.com<\/a> | <a rel=\"noreferrer noopener\" href=\"http:\/\/www.yolandaarquero.com\/\" target=\"_blank\">http:\/\/www.yolandaarquero.com\/<\/a><\/p>\n\n\n\n<p><strong>Grupo 1:<\/strong>  17 de febrero de 2023 &#8211; 10:00 h  |  Grupo 2: 22 de febrero de 2023 &#8211; 18:00 h.<\/p>\n\n\n\n<p><strong>Plazas Limitadas<\/strong><\/p>\n\n\n\n<p><strong>Lugar<\/strong>: Centro Guadalinfo de C\u00fallar Vega (Planta Superior \ud83d\udd1d de la Casa de la Cultura de C\u00fallar Vega)<\/p>\n\n\n\n<p><strong>Inscripci\u00f3n online<\/strong>: <a href=\"https:\/\/forms.gle\/8FLc5mnh6ykTrrfb6\" target=\"_blank\" rel=\"noreferrer noopener\">https:\/\/forms.gle\/8FLc5mnh6ykTrrfb6<\/a><\/p>\n\n\n\n<p><strong>Informaci\u00f3n<\/strong>: WhatsApp 683 15 01 02<\/p>\n\n\n\n<figure class=\"wp-block-image size-large\"><a href=\"https:\/\/cullarvega.com\/casa-cultura\/wp-content\/uploads\/2023\/02\/charla-quierete.jpg\"><img fetchpriority=\"high\" decoding=\"async\" width=\"724\" height=\"1024\" src=\"https:\/\/cullarvega.com\/casa-cultura\/wp-content\/uploads\/2023\/02\/charla-quierete-724x1024.jpg\" alt=\"\" class=\"wp-image-20991\" srcset=\"https:\/\/cullarvega.com\/casa-cultura\/wp-content\/uploads\/2023\/02\/charla-quierete-724x1024.jpg 724w, https:\/\/cullarvega.com\/casa-cultura\/wp-content\/uploads\/2023\/02\/charla-quierete-212x300.jpg 212w, https:\/\/cullarvega.com\/casa-cultura\/wp-content\/uploads\/2023\/02\/charla-quierete-768x1086.jpg 768w, https:\/\/cullarvega.com\/casa-cultura\/wp-content\/uploads\/2023\/02\/charla-quierete-1086x1536.jpg 1086w, https:\/\/cullarvega.com\/casa-cultura\/wp-content\/uploads\/2023\/02\/charla-quierete-424x600.jpg 424w, https:\/\/cullarvega.com\/casa-cultura\/wp-content\/uploads\/2023\/02\/charla-quierete-396x560.jpg 396w, https:\/\/cullarvega.com\/casa-cultura\/wp-content\/uploads\/2023\/02\/charla-quierete.jpg 1414w\" sizes=\"(max-width: 724px) 100vw, 724px\" \/><\/a><\/figure>\n","protected":false},"excerpt":{"rendered":"<p>\u00bfHas actuado alguna vez impulsivamente sin pensar en las consecuencias que podr\u00eda tener?. O por el contrario, \u00bfno has tomado una decisi\u00f3n o no has dicho algo por miedo al qu\u00e9 dir\u00e1n o qu\u00e9 pensar\u00e1n?. Conoce un poco m\u00e1s sobre la ira, el miedo, el estr\u00e9s y la depresi\u00f3n que hasta ahora han podido estar [&hellip;]<\/p>\n","protected":false},"author":1,"featured_media":20991,"comment_status":"closed","ping_status":"open","sticky":false,"template":"","format":"standard","meta":{"footnotes":""},"categories":[43],"tags":[],"class_list":["post-20990","post","type-post","status-publish","format-standard","has-post-thumbnail","hentry","category-punto-vuela"],"_links":{"self":[{"href":"https:\/\/cullarvega.com\/casa-cultura\/wp-json\/wp\/v2\/posts\/20990","targetHints":{"allow":["GET"]}}],"collection":[{"href":"https:\/\/cullarvega.com\/casa-cultura\/wp-json\/wp\/v2\/posts"}],"about":[{"href":"https:\/\/cullarvega.com\/casa-cultura\/wp-json\/wp\/v2\/types\/post"}],"author":[{"embeddable":true,"href":"https:\/\/cullarvega.com\/casa-cultura\/wp-json\/wp\/v2\/users\/1"}],"replies":[{"embeddable":true,"href":"https:\/\/cullarvega.com\/casa-cultura\/wp-json\/wp\/v2\/comments?post=20990"}],"version-history":[{"count":2,"href":"https:\/\/cullarvega.com\/casa-cultura\/wp-json\/wp\/v2\/posts\/20990\/revisions"}],"predecessor-version":[{"id":20998,"href":"https:\/\/cullarvega.com\/casa-cultura\/wp-json\/wp\/v2\/posts\/20990\/revisions\/20998"}],"wp:featuredmedia":[{"embeddable":true,"href":"https:\/\/cullarvega.com\/casa-cultura\/wp-json\/wp\/v2\/media\/20991"}],"wp:attachment":[{"href":"https:\/\/cullarvega.com\/casa-cultura\/wp-json\/wp\/v2\/media?parent=20990"}],"wp:term":[{"taxonomy":"category","embeddable":true,"href":"https:\/\/cullarvega.com\/casa-cultura\/wp-json\/wp\/v2\/categories?post=20990"},{"taxonomy":"post_tag","embeddable":true,"href":"https:\/\/cullarvega.com\/casa-cultura\/wp-json\/wp\/v2\/tags?post=20990"}],"curies":[{"name":"wp","href":"https:\/\/api.w.org\/{rel}","templated":true}]}}