{"id":20983,"date":"2023-02-01T14:37:31","date_gmt":"2023-02-01T12:37:31","guid":{"rendered":"https:\/\/cullarvega.com\/casa-cultura\/?p=20983"},"modified":"2023-02-01T14:37:32","modified_gmt":"2023-02-01T12:37:32","slug":"otra-de-teatro-100-metros-cuadrados-11-de-marzo","status":"publish","type":"post","link":"https:\/\/cullarvega.com\/casa-cultura\/otra-de-teatro-100-metros-cuadrados-11-de-marzo\/","title":{"rendered":"Otra de teatro \u00ab100 metros cuadrados\u00bb &#8211; 11 de marzo"},"content":{"rendered":"\n<p>El pr\u00f3ximo 11 de marzo disfruta de una comedia viva y conmovedora de la mano de Lola, una anciana enferma y sola, pero bastante rebelde que decide vender su piso con la condici\u00f3n de vivir en \u00e9l hasta su muerte y Sara una mujer de 39 a\u00f1os interesada en el piso que pasar\u00e1 a vivir con Lola tras la compra del mismo. <\/p>\n\n\n\n<p>Entradas \ud83c\udf9f\ufe0f<a rel=\"noreferrer noopener\" href=\"https:\/\/entradium.com\/events\/100-metros-cuadrados\" target=\"_blank\">https:\/\/entradium.com\/events\/100-metros-cuadrados<\/a> Los beneficios de la venta de entradas ir\u00e1n destinados al Programa lucha contra malnutrici\u00f3n de Fundaci\u00f3n Agua de Coco en el Sur Madagascar.<\/p>\n\n\n\n<figure class=\"wp-block-image size-large\"><a href=\"https:\/\/cullarvega.com\/casa-cultura\/wp-content\/uploads\/2023\/02\/100-metros-cuadrados.jpeg\"><img fetchpriority=\"high\" decoding=\"async\" width=\"576\" height=\"1024\" src=\"https:\/\/cullarvega.com\/casa-cultura\/wp-content\/uploads\/2023\/02\/100-metros-cuadrados-576x1024.jpeg\" alt=\"\" class=\"wp-image-20984\" srcset=\"https:\/\/cullarvega.com\/casa-cultura\/wp-content\/uploads\/2023\/02\/100-metros-cuadrados-576x1024.jpeg 576w, https:\/\/cullarvega.com\/casa-cultura\/wp-content\/uploads\/2023\/02\/100-metros-cuadrados-169x300.jpeg 169w, https:\/\/cullarvega.com\/casa-cultura\/wp-content\/uploads\/2023\/02\/100-metros-cuadrados-768x1365.jpeg 768w, https:\/\/cullarvega.com\/casa-cultura\/wp-content\/uploads\/2023\/02\/100-metros-cuadrados-864x1536.jpeg 864w, https:\/\/cullarvega.com\/casa-cultura\/wp-content\/uploads\/2023\/02\/100-metros-cuadrados-338x600.jpeg 338w, https:\/\/cullarvega.com\/casa-cultura\/wp-content\/uploads\/2023\/02\/100-metros-cuadrados-315x560.jpeg 315w, https:\/\/cullarvega.com\/casa-cultura\/wp-content\/uploads\/2023\/02\/100-metros-cuadrados.jpeg 900w\" sizes=\"(max-width: 576px) 100vw, 576px\" \/><\/a><\/figure>\n","protected":false},"excerpt":{"rendered":"<p>El pr\u00f3ximo 11 de marzo disfruta de una comedia viva y conmovedora de la mano de Lola, una anciana enferma y sola, pero bastante rebelde que decide vender su piso con la condici\u00f3n de vivir en \u00e9l hasta su muerte y Sara una mujer de 39 a\u00f1os interesada en el piso que pasar\u00e1 a vivir [&hellip;]<\/p>\n","protected":false},"author":1,"featured_media":20984,"comment_status":"closed","ping_status":"open","sticky":false,"template":"","format":"standard","meta":{"footnotes":""},"categories":[175],"tags":[],"class_list":["post-20983","post","type-post","status-publish","format-standard","has-post-thumbnail","hentry","category-teatro"],"_links":{"self":[{"href":"https:\/\/cullarvega.com\/casa-cultura\/wp-json\/wp\/v2\/posts\/20983","targetHints":{"allow":["GET"]}}],"collection":[{"href":"https:\/\/cullarvega.com\/casa-cultura\/wp-json\/wp\/v2\/posts"}],"about":[{"href":"https:\/\/cullarvega.com\/casa-cultura\/wp-json\/wp\/v2\/types\/post"}],"author":[{"embeddable":true,"href":"https:\/\/cullarvega.com\/casa-cultura\/wp-json\/wp\/v2\/users\/1"}],"replies":[{"embeddable":true,"href":"https:\/\/cullarvega.com\/casa-cultura\/wp-json\/wp\/v2\/comments?post=20983"}],"version-history":[{"count":1,"href":"https:\/\/cullarvega.com\/casa-cultura\/wp-json\/wp\/v2\/posts\/20983\/revisions"}],"predecessor-version":[{"id":20985,"href":"https:\/\/cullarvega.com\/casa-cultura\/wp-json\/wp\/v2\/posts\/20983\/revisions\/20985"}],"wp:featuredmedia":[{"embeddable":true,"href":"https:\/\/cullarvega.com\/casa-cultura\/wp-json\/wp\/v2\/media\/20984"}],"wp:attachment":[{"href":"https:\/\/cullarvega.com\/casa-cultura\/wp-json\/wp\/v2\/media?parent=20983"}],"wp:term":[{"taxonomy":"category","embeddable":true,"href":"https:\/\/cullarvega.com\/casa-cultura\/wp-json\/wp\/v2\/categories?post=20983"},{"taxonomy":"post_tag","embeddable":true,"href":"https:\/\/cullarvega.com\/casa-cultura\/wp-json\/wp\/v2\/tags?post=20983"}],"curies":[{"name":"wp","href":"https:\/\/api.w.org\/{rel}","templated":true}]}}