{"id":20968,"date":"2023-01-24T17:02:27","date_gmt":"2023-01-24T16:02:27","guid":{"rendered":"https:\/\/cullarvega.com\/casa-cultura\/?p=20968"},"modified":"2023-01-24T17:02:28","modified_gmt":"2023-01-24T16:02:28","slug":"proyecto-la-biblioteca-se-va-de-ruta","status":"publish","type":"post","link":"https:\/\/cullarvega.com\/casa-cultura\/proyecto-la-biblioteca-se-va-de-ruta\/","title":{"rendered":"Proyecto \u00abLa Biblioteca se va de Ruta\u00bb"},"content":{"rendered":"\n<h4 class=\"wp-block-heading\"><strong>Se trata de una iniciativa puesta en marcha por la biblioteca municipal, la concejal\u00eda de Cultura y Educaci\u00f3n y las coordinadoras de las bibliotecas en los centros educativos, gracias a la cual todos los colegios y el instituto reciben cada mes un carrito con medio centenar de libros, que les prestan para que los escolares disfruten de ellos<\/strong><\/h4>\n\n\n\n<p>Los escolares del municipio granadino de C\u00fallar Vega podr\u00e1n disfrutar de m\u00e1s libros y nuevos t\u00edtulos en sus centros educativos gracias a un proyecto denominado \u2018L<strong>a biblioteca se va de ruta\u2019<\/strong>, puesto en marcha por la biblioteca municipal, la concejal\u00eda de Cultura y Educaci\u00f3n y las coordinadoras de las bibliotecas en los centros educativos.<\/p>\n\n\n\n<p>Gracias a esta iniciativa, todos los colegios de la localidad (<strong>Francisco Ayala y La Vi\u00f1a<\/strong>) y el <strong>IES Arabuleila <\/strong>recibir\u00e1n cada mes un <strong>carrito con medio centenar de libros nuevos<\/strong>, que la biblioteca les prestar\u00e1 durante un mes para que los escolares puedan disfrutar de ellos.<\/p>\n\n\n\n<p>\u201c<em>De esta manera, los escolares tienen acceso a m\u00e1s t\u00edtulos, e incluso hemos llevado lotes de libros a las escuelas infantiles de primer ciclo de C\u00fallar Vega (El Aljibe, El Cole del Parque, El Principito, La Rueda y Mi Peque\u00f1a Granja), para que a su vez los ni\u00f1os y ni\u00f1as de 0 a 3 a\u00f1os puedan llevarse estos libros a casa<\/em>\u201d, explica la concejala de Cultura cullera, <strong>Mari \u00c1ngeles Polo<\/strong>.<\/p>\n\n\n\n<p>La edil destaca que el proyecto \u2018La biblioteca se va de ruta\u2019 se puso en marcha el pasado mes de octubre, \u201c<em>y se completa con otras actividades que ya estamos realizando, como cuentacuentos y concursos literarios; visitas guiadas de los escolares a la biblioteca municipal de la Casa de la Cultura o que los estudiantes del colegio Francisco Ayala visiten a los mayores en sus domicilios (apartamentos tutelados) para leerles un rato<\/em>\u201d.<\/p>\n\n\n\n<p>La concejala agradece a los centros implicados <em>\u201csu imprescindible colaboraci\u00f3n en este tipo de iniciativas, con las que queremos fomentar la lectura ya desde edades muy tempranas<\/em>\u201d.<\/p>\n\n\n\n<figure class=\"wp-block-image size-large\"><a href=\"https:\/\/cullarvega.com\/casa-cultura\/wp-content\/uploads\/2023\/01\/PHOTO-2023-01-19-13-26-47-1.jpg\"><img fetchpriority=\"high\" decoding=\"async\" width=\"724\" height=\"1024\" src=\"https:\/\/cullarvega.com\/casa-cultura\/wp-content\/uploads\/2023\/01\/PHOTO-2023-01-19-13-26-47-1-724x1024.jpg\" alt=\"\" class=\"wp-image-20969\" srcset=\"https:\/\/cullarvega.com\/casa-cultura\/wp-content\/uploads\/2023\/01\/PHOTO-2023-01-19-13-26-47-1-724x1024.jpg 724w, https:\/\/cullarvega.com\/casa-cultura\/wp-content\/uploads\/2023\/01\/PHOTO-2023-01-19-13-26-47-1-212x300.jpg 212w, https:\/\/cullarvega.com\/casa-cultura\/wp-content\/uploads\/2023\/01\/PHOTO-2023-01-19-13-26-47-1-768x1086.jpg 768w, https:\/\/cullarvega.com\/casa-cultura\/wp-content\/uploads\/2023\/01\/PHOTO-2023-01-19-13-26-47-1-1086x1536.jpg 1086w, https:\/\/cullarvega.com\/casa-cultura\/wp-content\/uploads\/2023\/01\/PHOTO-2023-01-19-13-26-47-1-424x600.jpg 424w, https:\/\/cullarvega.com\/casa-cultura\/wp-content\/uploads\/2023\/01\/PHOTO-2023-01-19-13-26-47-1-396x560.jpg 396w, https:\/\/cullarvega.com\/casa-cultura\/wp-content\/uploads\/2023\/01\/PHOTO-2023-01-19-13-26-47-1.jpg 1131w\" sizes=\"(max-width: 724px) 100vw, 724px\" \/><\/a><\/figure>\n","protected":false},"excerpt":{"rendered":"<p>Se trata de una iniciativa puesta en marcha por la biblioteca municipal, la concejal\u00eda de Cultura y Educaci\u00f3n y las coordinadoras de las bibliotecas en los centros educativos, gracias a la cual todos los colegios y el instituto reciben cada mes un carrito con medio centenar de libros, que les prestan para que los escolares [&hellip;]<\/p>\n","protected":false},"author":7,"featured_media":20969,"comment_status":"closed","ping_status":"open","sticky":false,"template":"","format":"standard","meta":{"footnotes":""},"categories":[41],"tags":[],"class_list":["post-20968","post","type-post","status-publish","format-standard","has-post-thumbnail","hentry","category-biblioteca"],"_links":{"self":[{"href":"https:\/\/cullarvega.com\/casa-cultura\/wp-json\/wp\/v2\/posts\/20968","targetHints":{"allow":["GET"]}}],"collection":[{"href":"https:\/\/cullarvega.com\/casa-cultura\/wp-json\/wp\/v2\/posts"}],"about":[{"href":"https:\/\/cullarvega.com\/casa-cultura\/wp-json\/wp\/v2\/types\/post"}],"author":[{"embeddable":true,"href":"https:\/\/cullarvega.com\/casa-cultura\/wp-json\/wp\/v2\/users\/7"}],"replies":[{"embeddable":true,"href":"https:\/\/cullarvega.com\/casa-cultura\/wp-json\/wp\/v2\/comments?post=20968"}],"version-history":[{"count":1,"href":"https:\/\/cullarvega.com\/casa-cultura\/wp-json\/wp\/v2\/posts\/20968\/revisions"}],"predecessor-version":[{"id":20970,"href":"https:\/\/cullarvega.com\/casa-cultura\/wp-json\/wp\/v2\/posts\/20968\/revisions\/20970"}],"wp:featuredmedia":[{"embeddable":true,"href":"https:\/\/cullarvega.com\/casa-cultura\/wp-json\/wp\/v2\/media\/20969"}],"wp:attachment":[{"href":"https:\/\/cullarvega.com\/casa-cultura\/wp-json\/wp\/v2\/media?parent=20968"}],"wp:term":[{"taxonomy":"category","embeddable":true,"href":"https:\/\/cullarvega.com\/casa-cultura\/wp-json\/wp\/v2\/categories?post=20968"},{"taxonomy":"post_tag","embeddable":true,"href":"https:\/\/cullarvega.com\/casa-cultura\/wp-json\/wp\/v2\/tags?post=20968"}],"curies":[{"name":"wp","href":"https:\/\/api.w.org\/{rel}","templated":true}]}}