{"id":20959,"date":"2023-01-24T16:39:45","date_gmt":"2023-01-24T15:39:45","guid":{"rendered":"https:\/\/cullarvega.com\/casa-cultura\/?p=20959"},"modified":"2023-01-24T16:41:48","modified_gmt":"2023-01-24T15:41:48","slug":"la-biblioteca-ha-incorporado-mas-de-un-centenar-de-libros-con-cargo-a-los-fondos-next-generation-eu","status":"publish","type":"post","link":"https:\/\/cullarvega.com\/casa-cultura\/la-biblioteca-ha-incorporado-mas-de-un-centenar-de-libros-con-cargo-a-los-fondos-next-generation-eu\/","title":{"rendered":"La biblioteca ha incorporado m\u00e1s de un centenar de libros con cargo a los Fondos Next Generation EU"},"content":{"rendered":"\n<p>El Ayuntamiento de C\u00fallar Vega ha recibido 2.040 \u20ac para la adquisici\u00f3n de libros en soporte papel para la Biblioteca P\u00fablica Municipal, con cargo a los Fondos Next Generation EU.&nbsp; Con dicha cuant\u00eda, se han adquirido un total de 156 ejemplares para todas las edades, que ya est\u00e1n a disposici\u00f3n del p\u00fablico en la biblioteca. Entre los t\u00edtulos, tambi\u00e9n se encuentran obras de lectura f\u00e1cil y en otros idiomas.<\/p>\n\n\n\n<p>La finalidad de las ayudas es contribuir a la revitalizaci\u00f3n de las industrias culturales, en concreto a las relacionadas con el sector del libro (creadores, editores, librer\u00edas) frente al impacto de la pandemia del COVID-19 en las mismas, as\u00ed como a la mejora y actualizaci\u00f3n de las colecciones.<\/p>\n\n\n\n<p>Consulta las \u00faltimas novedades que estamos incorporando a nuestro cat\u00e1logo:<br>\ud83d\udcd6Novedades Adultos<br><a rel=\"noreferrer noopener\" href=\"https:\/\/www.juntadeandalucia.es\/cultura\/absys\/mopac\/abnetcl.cgi?ACC=258&amp;DI=1384&amp;bibl=GR54\" target=\"_blank\">https:\/\/www.juntadeandalucia.es\/cultura\/absys\/mopac\/abnetcl.cgi?ACC=258&amp;DI=1384&amp;bibl=GR54<br><\/a>\ud83d\udcd6Novedades juvenil<br><a rel=\"noreferrer noopener\" href=\"https:\/\/www.juntadeandalucia.es\/cultura\/absys\/mopac\/abnetcl.cgi?ACC=258&amp;DI=1391&amp;bibl=GR54\" target=\"_blank\">https:\/\/www.juntadeandalucia.es\/cultura\/absys\/mopac\/abnetcl.cgi?ACC=258&amp;DI=1391&amp;bibl=GR54<\/a><br>\ud83d\udcd6Novedades Infantil<br><a rel=\"noreferrer noopener\" href=\"https:\/\/www.juntadeandalucia.es\/cultura\/absys\/mopac\/abnetcl.cgi?ACC=258&amp;DI=1395&amp;bibl=GR54\" target=\"_blank\">https:\/\/www.juntadeandalucia.es\/cultura\/absys\/mopac\/abnetcl.cgi?ACC=258&amp;DI=1395&amp;bibl=GR54<\/a><br>\ud83d\udcd6Novedades bebeteca<br><a rel=\"noreferrer noopener\" href=\"https:\/\/www.juntadeandalucia.es\/cultura\/absys\/mopac\/abnetcl.cgi?ACC=258&amp;DI=1489&amp;bibl=GR54\" target=\"_blank\">https:\/\/www.juntadeandalucia.es\/cultura\/absys\/mopac\/abnetcl.cgi?ACC=258&amp;DI=1489&amp;bibl=GR54<\/a><\/p>\n\n\n\n<figure class=\"wp-block-image size-large\"><a href=\"https:\/\/cullarvega.com\/casa-cultura\/wp-content\/uploads\/2023\/01\/novedades.png\"><img fetchpriority=\"high\" decoding=\"async\" width=\"1024\" height=\"1024\" src=\"https:\/\/cullarvega.com\/casa-cultura\/wp-content\/uploads\/2023\/01\/novedades-1024x1024.png\" alt=\"\" class=\"wp-image-20960\" srcset=\"https:\/\/cullarvega.com\/casa-cultura\/wp-content\/uploads\/2023\/01\/novedades-1024x1024.png 1024w, https:\/\/cullarvega.com\/casa-cultura\/wp-content\/uploads\/2023\/01\/novedades-300x300.png 300w, https:\/\/cullarvega.com\/casa-cultura\/wp-content\/uploads\/2023\/01\/novedades-150x150.png 150w, https:\/\/cullarvega.com\/casa-cultura\/wp-content\/uploads\/2023\/01\/novedades-768x768.png 768w, https:\/\/cullarvega.com\/casa-cultura\/wp-content\/uploads\/2023\/01\/novedades-600x600.png 600w, https:\/\/cullarvega.com\/casa-cultura\/wp-content\/uploads\/2023\/01\/novedades-560x560.png 560w, https:\/\/cullarvega.com\/casa-cultura\/wp-content\/uploads\/2023\/01\/novedades.png 1080w\" sizes=\"(max-width: 1024px) 100vw, 1024px\" \/><\/a><\/figure>\n","protected":false},"excerpt":{"rendered":"<p>El Ayuntamiento de C\u00fallar Vega ha recibido 2.040 \u20ac para la adquisici\u00f3n de libros en soporte papel para la Biblioteca P\u00fablica Municipal, con cargo a los Fondos Next Generation EU.&nbsp; Con dicha cuant\u00eda, se han adquirido un total de 156 ejemplares para todas las edades, que ya est\u00e1n a disposici\u00f3n del p\u00fablico en la biblioteca. [&hellip;]<\/p>\n","protected":false},"author":7,"featured_media":20960,"comment_status":"closed","ping_status":"open","sticky":false,"template":"","format":"standard","meta":{"footnotes":""},"categories":[41],"tags":[],"class_list":["post-20959","post","type-post","status-publish","format-standard","has-post-thumbnail","hentry","category-biblioteca"],"_links":{"self":[{"href":"https:\/\/cullarvega.com\/casa-cultura\/wp-json\/wp\/v2\/posts\/20959","targetHints":{"allow":["GET"]}}],"collection":[{"href":"https:\/\/cullarvega.com\/casa-cultura\/wp-json\/wp\/v2\/posts"}],"about":[{"href":"https:\/\/cullarvega.com\/casa-cultura\/wp-json\/wp\/v2\/types\/post"}],"author":[{"embeddable":true,"href":"https:\/\/cullarvega.com\/casa-cultura\/wp-json\/wp\/v2\/users\/7"}],"replies":[{"embeddable":true,"href":"https:\/\/cullarvega.com\/casa-cultura\/wp-json\/wp\/v2\/comments?post=20959"}],"version-history":[{"count":2,"href":"https:\/\/cullarvega.com\/casa-cultura\/wp-json\/wp\/v2\/posts\/20959\/revisions"}],"predecessor-version":[{"id":20962,"href":"https:\/\/cullarvega.com\/casa-cultura\/wp-json\/wp\/v2\/posts\/20959\/revisions\/20962"}],"wp:featuredmedia":[{"embeddable":true,"href":"https:\/\/cullarvega.com\/casa-cultura\/wp-json\/wp\/v2\/media\/20960"}],"wp:attachment":[{"href":"https:\/\/cullarvega.com\/casa-cultura\/wp-json\/wp\/v2\/media?parent=20959"}],"wp:term":[{"taxonomy":"category","embeddable":true,"href":"https:\/\/cullarvega.com\/casa-cultura\/wp-json\/wp\/v2\/categories?post=20959"},{"taxonomy":"post_tag","embeddable":true,"href":"https:\/\/cullarvega.com\/casa-cultura\/wp-json\/wp\/v2\/tags?post=20959"}],"curies":[{"name":"wp","href":"https:\/\/api.w.org\/{rel}","templated":true}]}}