{"id":20925,"date":"2023-01-23T08:43:22","date_gmt":"2023-01-23T07:43:22","guid":{"rendered":"https:\/\/cullarvega.com\/casa-cultura\/?p=20925"},"modified":"2023-01-23T08:43:24","modified_gmt":"2023-01-23T07:43:24","slug":"charla-sobre-de-fuentes-de-energia-renovables-y-autoconsumo","status":"publish","type":"post","link":"https:\/\/cullarvega.com\/casa-cultura\/charla-sobre-de-fuentes-de-energia-renovables-y-autoconsumo\/","title":{"rendered":"Charla sobre de \u00abFuentes de Energ\u00eda Renovables y Autoconsumo\u00bb"},"content":{"rendered":"\n<p>Charla  sobre \u00abFuentes de Energ\u00eda Renovables y Autoconsumo\u00bb en el que se hablar\u00e1 de Autoconsumo, la situaci\u00f3n energ\u00e9tica actual, las principales fuentes de energ\u00edas renovables y las instalaciones fotovolt\u00e1icas: funcionamiento, sistemas, subvenciones, compa\u00f1\u00edas, excedentes, bater\u00edas virtuales, etc\u2026<\/p>\n\n\n\n<p>Se han organizado 2 charlas en horario de tarde y de ma\u00f1ana para facilitar as\u00ed la asistencia a todos\/as los\/as vecinos\/as que est\u00e9n interesados en saber m\u00e1s en autoconsumo de energ\u00eda para sus viviendas o empresas. <\/p>\n\n\n\n<p><strong>Sesi\u00f3n 1<\/strong>: jueves 2 de febrero de 2023 &#8211; 18:00 h<\/p>\n\n\n\n<p><strong>Sesi\u00f3n<\/strong> <strong>2<\/strong>: viernes 3 de febrero de 2023 &#8211; 10:00 h.<\/p>\n\n\n\n<p><strong>Lugar<\/strong>: Centro Guadalinfo de C\u00fallar Vega (Planta Superior \ud83d\udd1d de la Casa de la Cultura de C\u00fallar Vega)<\/p>\n\n\n\n<p><strong>Informaci\u00f3n<\/strong>: WhatsApp 683 15 01 02<\/p>\n\n\n\n<p><strong>Impartido<\/strong> <strong>por<\/strong>: VA Fotoenerg\u00eda<\/p>\n\n\n\n<figure class=\"wp-block-image size-large\"><a href=\"https:\/\/cullarvega.com\/casa-cultura\/wp-content\/uploads\/2023\/01\/charlas-autoconsumo.jpg\"><img fetchpriority=\"high\" decoding=\"async\" width=\"724\" height=\"1024\" src=\"https:\/\/cullarvega.com\/casa-cultura\/wp-content\/uploads\/2023\/01\/charlas-autoconsumo-724x1024.jpg\" alt=\"\" class=\"wp-image-20926\" srcset=\"https:\/\/cullarvega.com\/casa-cultura\/wp-content\/uploads\/2023\/01\/charlas-autoconsumo-724x1024.jpg 724w, https:\/\/cullarvega.com\/casa-cultura\/wp-content\/uploads\/2023\/01\/charlas-autoconsumo-212x300.jpg 212w, https:\/\/cullarvega.com\/casa-cultura\/wp-content\/uploads\/2023\/01\/charlas-autoconsumo-768x1086.jpg 768w, https:\/\/cullarvega.com\/casa-cultura\/wp-content\/uploads\/2023\/01\/charlas-autoconsumo-1086x1536.jpg 1086w, https:\/\/cullarvega.com\/casa-cultura\/wp-content\/uploads\/2023\/01\/charlas-autoconsumo-424x600.jpg 424w, https:\/\/cullarvega.com\/casa-cultura\/wp-content\/uploads\/2023\/01\/charlas-autoconsumo-396x560.jpg 396w, https:\/\/cullarvega.com\/casa-cultura\/wp-content\/uploads\/2023\/01\/charlas-autoconsumo.jpg 1414w\" sizes=\"(max-width: 724px) 100vw, 724px\" \/><\/a><\/figure>\n","protected":false},"excerpt":{"rendered":"<p>Charla sobre \u00abFuentes de Energ\u00eda Renovables y Autoconsumo\u00bb en el que se hablar\u00e1 de Autoconsumo, la situaci\u00f3n energ\u00e9tica actual, las principales fuentes de energ\u00edas renovables y las instalaciones fotovolt\u00e1icas: funcionamiento, sistemas, subvenciones, compa\u00f1\u00edas, excedentes, bater\u00edas virtuales, etc\u2026 Se han organizado 2 charlas en horario de tarde y de ma\u00f1ana para facilitar as\u00ed la asistencia a [&hellip;]<\/p>\n","protected":false},"author":1,"featured_media":20926,"comment_status":"closed","ping_status":"open","sticky":false,"template":"","format":"standard","meta":{"footnotes":""},"categories":[176,43],"tags":[],"class_list":["post-20925","post","type-post","status-publish","format-standard","has-post-thumbnail","hentry","category-formacion","category-punto-vuela"],"_links":{"self":[{"href":"https:\/\/cullarvega.com\/casa-cultura\/wp-json\/wp\/v2\/posts\/20925","targetHints":{"allow":["GET"]}}],"collection":[{"href":"https:\/\/cullarvega.com\/casa-cultura\/wp-json\/wp\/v2\/posts"}],"about":[{"href":"https:\/\/cullarvega.com\/casa-cultura\/wp-json\/wp\/v2\/types\/post"}],"author":[{"embeddable":true,"href":"https:\/\/cullarvega.com\/casa-cultura\/wp-json\/wp\/v2\/users\/1"}],"replies":[{"embeddable":true,"href":"https:\/\/cullarvega.com\/casa-cultura\/wp-json\/wp\/v2\/comments?post=20925"}],"version-history":[{"count":2,"href":"https:\/\/cullarvega.com\/casa-cultura\/wp-json\/wp\/v2\/posts\/20925\/revisions"}],"predecessor-version":[{"id":20950,"href":"https:\/\/cullarvega.com\/casa-cultura\/wp-json\/wp\/v2\/posts\/20925\/revisions\/20950"}],"wp:featuredmedia":[{"embeddable":true,"href":"https:\/\/cullarvega.com\/casa-cultura\/wp-json\/wp\/v2\/media\/20926"}],"wp:attachment":[{"href":"https:\/\/cullarvega.com\/casa-cultura\/wp-json\/wp\/v2\/media?parent=20925"}],"wp:term":[{"taxonomy":"category","embeddable":true,"href":"https:\/\/cullarvega.com\/casa-cultura\/wp-json\/wp\/v2\/categories?post=20925"},{"taxonomy":"post_tag","embeddable":true,"href":"https:\/\/cullarvega.com\/casa-cultura\/wp-json\/wp\/v2\/tags?post=20925"}],"curies":[{"name":"wp","href":"https:\/\/api.w.org\/{rel}","templated":true}]}}