{"id":20918,"date":"2023-01-23T14:51:39","date_gmt":"2023-01-23T13:51:39","guid":{"rendered":"https:\/\/cullarvega.com\/casa-cultura\/?p=20918"},"modified":"2026-01-28T09:13:16","modified_gmt":"2026-01-28T07:13:16","slug":"taller-de-portales-de-empleo-a-traves-de-la-iniciativa-cibervoluntarios","status":"publish","type":"post","link":"https:\/\/cullarvega.com\/casa-cultura\/taller-de-portales-de-empleo-a-traves-de-la-iniciativa-cibervoluntarios\/","title":{"rendered":"Taller de \u00abPortales de Empleo\u00bb a trav\u00e9s de la iniciativa Cibervoluntarios"},"content":{"rendered":"\n<p>El mi\u00e9rcoles 1 de de febrero tendr\u00e1 lugar un interesante taller sobre <strong>PORTALES DE EMPLEO<\/strong> que nos ayudar\u00e1 en nuestra b\u00fasqueda de trabajo.<\/p>\n\n\n\n<p>La actividad est\u00e1 organizada por la <strong>Fundaci\u00f3n Cibervoluntarios <\/strong>con el apoyo de la Consejer\u00eda de Igualdad, Pol\u00edticas Sociales y Conciliaci\u00f3n de la <strong>Junta de Andaluc\u00eda <\/strong>y en colaboraci\u00f3n con el <strong>Ayuntamiento de C\u00fallar Vega <\/strong>y el <strong>Centro Vuela Guadalinfo de C\u00fallar Vega<\/strong>.<\/p>\n\n\n\n<p><strong>D\u00eda<\/strong>: 01de febrero de 2023<br><strong>Plazas Limitadas<\/strong><br><strong>Lugar<\/strong>: Centro Guadalinfo de C\u00fallar Vega (Planta Superior \ud83d\udd1d de la Casa de la Cultura de C\u00fallar Vega)<br><strong>Inscripci\u00f3n online<\/strong>: <a href=\"https:\/\/forms.gle\/8CtsQKoXKqAbXEqo6\" target=\"_blank\" rel=\"noreferrer noopener\"><strong><strong>https:\/\/forms.gle\/8CtsQKoXKqAbXEqo6<\/strong><\/strong><br><\/a><strong>Informaci\u00f3n<\/strong>: WhatsApp 683 15 01 02<\/p>\n\n\n\n<figure class=\"wp-block-image size-large\"><a href=\"https:\/\/cullarvega.com\/casa-cultura\/wp-content\/uploads\/2023\/01\/cibervoluntarios-portales-empleo.jpg\"><img fetchpriority=\"high\" decoding=\"async\" width=\"742\" height=\"1024\" src=\"https:\/\/cullarvega.com\/casa-cultura\/wp-content\/uploads\/2023\/01\/cibervoluntarios-portales-empleo-742x1024.jpg\" alt=\"\" class=\"wp-image-20919\" srcset=\"https:\/\/cullarvega.com\/casa-cultura\/wp-content\/uploads\/2023\/01\/cibervoluntarios-portales-empleo-742x1024.jpg 742w, https:\/\/cullarvega.com\/casa-cultura\/wp-content\/uploads\/2023\/01\/cibervoluntarios-portales-empleo-217x300.jpg 217w, https:\/\/cullarvega.com\/casa-cultura\/wp-content\/uploads\/2023\/01\/cibervoluntarios-portales-empleo-768x1060.jpg 768w, https:\/\/cullarvega.com\/casa-cultura\/wp-content\/uploads\/2023\/01\/cibervoluntarios-portales-empleo-435x600.jpg 435w, https:\/\/cullarvega.com\/casa-cultura\/wp-content\/uploads\/2023\/01\/cibervoluntarios-portales-empleo-406x560.jpg 406w, https:\/\/cullarvega.com\/casa-cultura\/wp-content\/uploads\/2023\/01\/cibervoluntarios-portales-empleo.jpg 793w\" sizes=\"(max-width: 742px) 100vw, 742px\" \/><\/a><\/figure>\n","protected":false},"excerpt":{"rendered":"<p>El mi\u00e9rcoles 1 de de febrero tendr\u00e1 lugar un interesante taller sobre PORTALES DE EMPLEO que nos ayudar\u00e1 en nuestra b\u00fasqueda de trabajo. La actividad est\u00e1 organizada por la Fundaci\u00f3n Cibervoluntarios con el apoyo de la Consejer\u00eda de Igualdad, Pol\u00edticas Sociales y Conciliaci\u00f3n de la Junta de Andaluc\u00eda y en colaboraci\u00f3n con el Ayuntamiento de [&hellip;]<\/p>\n","protected":false},"author":1,"featured_media":20919,"comment_status":"closed","ping_status":"open","sticky":false,"template":"","format":"standard","meta":{"footnotes":""},"categories":[176,43],"tags":[],"class_list":["post-20918","post","type-post","status-publish","format-standard","has-post-thumbnail","hentry","category-formacion","category-punto-vuela"],"_links":{"self":[{"href":"https:\/\/cullarvega.com\/casa-cultura\/wp-json\/wp\/v2\/posts\/20918","targetHints":{"allow":["GET"]}}],"collection":[{"href":"https:\/\/cullarvega.com\/casa-cultura\/wp-json\/wp\/v2\/posts"}],"about":[{"href":"https:\/\/cullarvega.com\/casa-cultura\/wp-json\/wp\/v2\/types\/post"}],"author":[{"embeddable":true,"href":"https:\/\/cullarvega.com\/casa-cultura\/wp-json\/wp\/v2\/users\/1"}],"replies":[{"embeddable":true,"href":"https:\/\/cullarvega.com\/casa-cultura\/wp-json\/wp\/v2\/comments?post=20918"}],"version-history":[{"count":2,"href":"https:\/\/cullarvega.com\/casa-cultura\/wp-json\/wp\/v2\/posts\/20918\/revisions"}],"predecessor-version":[{"id":22198,"href":"https:\/\/cullarvega.com\/casa-cultura\/wp-json\/wp\/v2\/posts\/20918\/revisions\/22198"}],"wp:featuredmedia":[{"embeddable":true,"href":"https:\/\/cullarvega.com\/casa-cultura\/wp-json\/wp\/v2\/media\/20919"}],"wp:attachment":[{"href":"https:\/\/cullarvega.com\/casa-cultura\/wp-json\/wp\/v2\/media?parent=20918"}],"wp:term":[{"taxonomy":"category","embeddable":true,"href":"https:\/\/cullarvega.com\/casa-cultura\/wp-json\/wp\/v2\/categories?post=20918"},{"taxonomy":"post_tag","embeddable":true,"href":"https:\/\/cullarvega.com\/casa-cultura\/wp-json\/wp\/v2\/tags?post=20918"}],"curies":[{"name":"wp","href":"https:\/\/api.w.org\/{rel}","templated":true}]}}