{"id":20915,"date":"2023-01-24T18:32:12","date_gmt":"2023-01-24T16:32:12","guid":{"rendered":"https:\/\/cullarvega.com\/casa-cultura\/?p=20915"},"modified":"2026-01-28T09:13:41","modified_gmt":"2026-01-28T07:13:41","slug":"taller-de-tiktok-para-principiantes-a-traves-de-la-iniciativa-cibervoluntarios","status":"publish","type":"post","link":"https:\/\/cullarvega.com\/casa-cultura\/taller-de-tiktok-para-principiantes-a-traves-de-la-iniciativa-cibervoluntarios\/","title":{"rendered":"Taller de \u00abTikTok para Principiantes\u00bb a trav\u00e9s de la iniciativa Cibervoluntarios"},"content":{"rendered":"\n<p>El mi\u00e9rcoles 8 de de febrero tendr\u00e1 lugar un interesante taller de <strong>TIKTOK PARA PRINCIPIANTES<\/strong>. Un taller imprescindible tanto si queremos iniciarnos en el uso de esta red social de forma personal o bien como mejora para nuestro negocio.<\/p>\n\n\n\n<p>La actividad est\u00e1 organizada por la <strong>Fundaci\u00f3n Cibervoluntarios <\/strong>con el apoyo de la Consejer\u00eda de Igualdad, Pol\u00edticas Sociales y Conciliaci\u00f3n de la <strong>Junta de Andaluc\u00eda <\/strong>y en colaboraci\u00f3n con el <strong>Ayuntamiento de C\u00fallar Vega <\/strong>y el <strong>Centro Vuela Guadalinfo de C\u00fallar Vega<\/strong>.<\/p>\n\n\n\n<p><strong>D\u00eda<\/strong>: 08 de febrero de 2023<br><strong>Plazas Limitadas<\/strong><br><strong>Lugar<\/strong>: Centro Guadalinfo de C\u00fallar Vega (Planta Superior \ud83d\udd1d de la Casa de la Cultura de C\u00fallar Vega)<br><strong>Inscripci\u00f3n online<\/strong>: <a href=\"https:\/\/forms.gle\/8CtsQKoXKqAbXEqo6\" target=\"_blank\" rel=\"noreferrer noopener\"><strong><strong>https:\/\/forms.gle\/8CtsQKoXKqAbXEqo6<\/strong><\/strong><br><\/a><strong>Informaci\u00f3n<\/strong>: WhatsApp 683 15 01 02<\/p>\n\n\n\n<figure class=\"wp-block-image size-large\"><a href=\"https:\/\/cullarvega.com\/casa-cultura\/wp-content\/uploads\/2023\/01\/tiktok-principiantes.jpg\"><img fetchpriority=\"high\" decoding=\"async\" width=\"742\" height=\"1024\" src=\"https:\/\/cullarvega.com\/casa-cultura\/wp-content\/uploads\/2023\/01\/tiktok-principiantes-742x1024.jpg\" alt=\"\" class=\"wp-image-20974\" srcset=\"https:\/\/cullarvega.com\/casa-cultura\/wp-content\/uploads\/2023\/01\/tiktok-principiantes-742x1024.jpg 742w, https:\/\/cullarvega.com\/casa-cultura\/wp-content\/uploads\/2023\/01\/tiktok-principiantes-217x300.jpg 217w, https:\/\/cullarvega.com\/casa-cultura\/wp-content\/uploads\/2023\/01\/tiktok-principiantes-768x1060.jpg 768w, https:\/\/cullarvega.com\/casa-cultura\/wp-content\/uploads\/2023\/01\/tiktok-principiantes-435x600.jpg 435w, https:\/\/cullarvega.com\/casa-cultura\/wp-content\/uploads\/2023\/01\/tiktok-principiantes-406x560.jpg 406w, https:\/\/cullarvega.com\/casa-cultura\/wp-content\/uploads\/2023\/01\/tiktok-principiantes.jpg 793w\" sizes=\"(max-width: 742px) 100vw, 742px\" \/><\/a><\/figure>\n","protected":false},"excerpt":{"rendered":"<p>El mi\u00e9rcoles 8 de de febrero tendr\u00e1 lugar un interesante taller de TIKTOK PARA PRINCIPIANTES. Un taller imprescindible tanto si queremos iniciarnos en el uso de esta red social de forma personal o bien como mejora para nuestro negocio. La actividad est\u00e1 organizada por la Fundaci\u00f3n Cibervoluntarios con el apoyo de la Consejer\u00eda de Igualdad, [&hellip;]<\/p>\n","protected":false},"author":1,"featured_media":20974,"comment_status":"closed","ping_status":"open","sticky":false,"template":"","format":"standard","meta":{"footnotes":""},"categories":[176,43],"tags":[],"class_list":["post-20915","post","type-post","status-publish","format-standard","has-post-thumbnail","hentry","category-formacion","category-punto-vuela"],"_links":{"self":[{"href":"https:\/\/cullarvega.com\/casa-cultura\/wp-json\/wp\/v2\/posts\/20915","targetHints":{"allow":["GET"]}}],"collection":[{"href":"https:\/\/cullarvega.com\/casa-cultura\/wp-json\/wp\/v2\/posts"}],"about":[{"href":"https:\/\/cullarvega.com\/casa-cultura\/wp-json\/wp\/v2\/types\/post"}],"author":[{"embeddable":true,"href":"https:\/\/cullarvega.com\/casa-cultura\/wp-json\/wp\/v2\/users\/1"}],"replies":[{"embeddable":true,"href":"https:\/\/cullarvega.com\/casa-cultura\/wp-json\/wp\/v2\/comments?post=20915"}],"version-history":[{"count":4,"href":"https:\/\/cullarvega.com\/casa-cultura\/wp-json\/wp\/v2\/posts\/20915\/revisions"}],"predecessor-version":[{"id":22204,"href":"https:\/\/cullarvega.com\/casa-cultura\/wp-json\/wp\/v2\/posts\/20915\/revisions\/22204"}],"wp:featuredmedia":[{"embeddable":true,"href":"https:\/\/cullarvega.com\/casa-cultura\/wp-json\/wp\/v2\/media\/20974"}],"wp:attachment":[{"href":"https:\/\/cullarvega.com\/casa-cultura\/wp-json\/wp\/v2\/media?parent=20915"}],"wp:term":[{"taxonomy":"category","embeddable":true,"href":"https:\/\/cullarvega.com\/casa-cultura\/wp-json\/wp\/v2\/categories?post=20915"},{"taxonomy":"post_tag","embeddable":true,"href":"https:\/\/cullarvega.com\/casa-cultura\/wp-json\/wp\/v2\/tags?post=20915"}],"curies":[{"name":"wp","href":"https:\/\/api.w.org\/{rel}","templated":true}]}}