{"id":20771,"date":"2023-01-18T19:45:09","date_gmt":"2023-01-18T18:45:09","guid":{"rendered":"https:\/\/cullarvega.com\/casa-cultura\/?p=20771"},"modified":"2023-01-18T19:45:10","modified_gmt":"2023-01-18T18:45:10","slug":"proximas-sesiones-de-enero-a-marzo-del-programa-educar-con-conciencia","status":"publish","type":"post","link":"https:\/\/cullarvega.com\/casa-cultura\/proximas-sesiones-de-enero-a-marzo-del-programa-educar-con-conciencia\/","title":{"rendered":"Pr\u00f3ximas sesiones de Enero a Marzo del programa \u00abEducar con Conciencia\u00bb"},"content":{"rendered":"\n<p>Os dejamos las pr\u00f3ximas fechas en enero, febrero y marzo de este interesante programa para aprender a \u00abEducar con Conciencia\u00bb:<\/p>\n\n\n\n<p>\u2013 Jueves 26 de enero de 2023 \u2013 Sesi\u00f3n de MA\u00d1ANA en la Casa de la Cultura de C\u00fallar Vega.<\/p>\n\n\n\n<p>\u2013 Jueves 2 de febrero de 2023 \u2013 Sesi\u00f3n de TARDE en la Casa de la Cultura de C\u00fallar Vega.<\/p>\n\n\n\n<p>\u2013 Jueves 16 de febrero de 2023 \u2013 Sesi\u00f3n de MA\u00d1ANA en la Casa de la Cultura de C\u00fallar Vega.<\/p>\n\n\n\n<p>\u2013 Jueves 16 de marzo de 2023 \u2013 Sesi\u00f3n de MA\u00d1ANA en la Casa de la Cultura de C\u00fallar Vega<\/p>\n\n\n\n<figure class=\"wp-block-image size-full\"><a href=\"https:\/\/cullarvega.com\/casa-cultura\/wp-content\/uploads\/2023\/01\/Educar-conciencia-enero-febrero-724x1024-1.jpg\"><img fetchpriority=\"high\" decoding=\"async\" width=\"724\" height=\"1024\" src=\"https:\/\/cullarvega.com\/casa-cultura\/wp-content\/uploads\/2023\/01\/Educar-conciencia-enero-febrero-724x1024-1.jpg\" alt=\"\" class=\"wp-image-20772\" srcset=\"https:\/\/cullarvega.com\/casa-cultura\/wp-content\/uploads\/2023\/01\/Educar-conciencia-enero-febrero-724x1024-1.jpg 724w, https:\/\/cullarvega.com\/casa-cultura\/wp-content\/uploads\/2023\/01\/Educar-conciencia-enero-febrero-724x1024-1-212x300.jpg 212w, https:\/\/cullarvega.com\/casa-cultura\/wp-content\/uploads\/2023\/01\/Educar-conciencia-enero-febrero-724x1024-1-424x600.jpg 424w, https:\/\/cullarvega.com\/casa-cultura\/wp-content\/uploads\/2023\/01\/Educar-conciencia-enero-febrero-724x1024-1-396x560.jpg 396w\" sizes=\"(max-width: 724px) 100vw, 724px\" \/><\/a><\/figure>\n","protected":false},"excerpt":{"rendered":"<p>Os dejamos las pr\u00f3ximas fechas en enero, febrero y marzo de este interesante programa para aprender a \u00abEducar con Conciencia\u00bb: \u2013 Jueves 26 de enero de 2023 \u2013 Sesi\u00f3n de MA\u00d1ANA en la Casa de la Cultura de C\u00fallar Vega. \u2013 Jueves 2 de febrero de 2023 \u2013 Sesi\u00f3n de TARDE en la Casa de [&hellip;]<\/p>\n","protected":false},"author":1,"featured_media":20772,"comment_status":"closed","ping_status":"open","sticky":false,"template":"","format":"standard","meta":{"footnotes":""},"categories":[176],"tags":[],"class_list":["post-20771","post","type-post","status-publish","format-standard","has-post-thumbnail","hentry","category-formacion"],"_links":{"self":[{"href":"https:\/\/cullarvega.com\/casa-cultura\/wp-json\/wp\/v2\/posts\/20771","targetHints":{"allow":["GET"]}}],"collection":[{"href":"https:\/\/cullarvega.com\/casa-cultura\/wp-json\/wp\/v2\/posts"}],"about":[{"href":"https:\/\/cullarvega.com\/casa-cultura\/wp-json\/wp\/v2\/types\/post"}],"author":[{"embeddable":true,"href":"https:\/\/cullarvega.com\/casa-cultura\/wp-json\/wp\/v2\/users\/1"}],"replies":[{"embeddable":true,"href":"https:\/\/cullarvega.com\/casa-cultura\/wp-json\/wp\/v2\/comments?post=20771"}],"version-history":[{"count":1,"href":"https:\/\/cullarvega.com\/casa-cultura\/wp-json\/wp\/v2\/posts\/20771\/revisions"}],"predecessor-version":[{"id":20773,"href":"https:\/\/cullarvega.com\/casa-cultura\/wp-json\/wp\/v2\/posts\/20771\/revisions\/20773"}],"wp:featuredmedia":[{"embeddable":true,"href":"https:\/\/cullarvega.com\/casa-cultura\/wp-json\/wp\/v2\/media\/20772"}],"wp:attachment":[{"href":"https:\/\/cullarvega.com\/casa-cultura\/wp-json\/wp\/v2\/media?parent=20771"}],"wp:term":[{"taxonomy":"category","embeddable":true,"href":"https:\/\/cullarvega.com\/casa-cultura\/wp-json\/wp\/v2\/categories?post=20771"},{"taxonomy":"post_tag","embeddable":true,"href":"https:\/\/cullarvega.com\/casa-cultura\/wp-json\/wp\/v2\/tags?post=20771"}],"curies":[{"name":"wp","href":"https:\/\/api.w.org\/{rel}","templated":true}]}}