{"id":20727,"date":"2023-01-17T16:00:16","date_gmt":"2023-01-17T16:00:16","guid":{"rendered":"https:\/\/cullarvega.com\/casa-cultura\/?p=20727"},"modified":"2023-01-18T06:02:46","modified_gmt":"2023-01-18T06:02:46","slug":"muestra-de-teatro-2023","status":"publish","type":"post","link":"https:\/\/cullarvega.com\/casa-cultura\/muestra-de-teatro-2023\/","title":{"rendered":"Muestra de Teatro 2023"},"content":{"rendered":"\n<p>Coordinado por Yanina Ivaldi, les invitamos a participar de la muestra de teatro donde compartiremos escenas de improvisaci\u00f3n para dar a conocer la din\u00e1mica de las clases a trav\u00e9s de sus trabajos, porque &#8230;. \u00a1Sin p\u00fablico no hay teatro!<\/p>\n\n\n\n<p>Actuar\u00e1n \u00c1frica, Anabel, Andr\u00e9s, Diana, Diego, Javi, Pablo, Roc\u00edo, Sara Q, Sara R, Shane, Teresa, Trini y Vero.<\/p>\n\n\n\n<p><strong>D\u00eda<\/strong>: 12 de febrero<\/p>\n\n\n\n<p><strong>Hora<\/strong>: 18:30 h.<\/p>\n\n\n\n<p><strong>Lugar<\/strong>: casa de la Cultura de C\u00fallar Vega<\/p>\n\n\n\n<p><strong>Entrada<\/strong> <strong>libre<\/strong> hasta completar aforo<\/p>\n\n\n\n<figure class=\"wp-block-image size-large\"><a href=\"https:\/\/cullarvega.com\/casa-cultura\/wp-content\/uploads\/2023\/01\/IMG-20230117-WA0007.jpg\"><img fetchpriority=\"high\" decoding=\"async\" width=\"716\" height=\"1024\" src=\"https:\/\/cullarvega.com\/casa-cultura\/wp-content\/uploads\/2023\/01\/IMG-20230117-WA0007-716x1024.jpg\" alt=\"\" class=\"wp-image-20740\" srcset=\"https:\/\/cullarvega.com\/casa-cultura\/wp-content\/uploads\/2023\/01\/IMG-20230117-WA0007-716x1024.jpg 716w, https:\/\/cullarvega.com\/casa-cultura\/wp-content\/uploads\/2023\/01\/IMG-20230117-WA0007-210x300.jpg 210w, https:\/\/cullarvega.com\/casa-cultura\/wp-content\/uploads\/2023\/01\/IMG-20230117-WA0007-768x1098.jpg 768w, https:\/\/cullarvega.com\/casa-cultura\/wp-content\/uploads\/2023\/01\/IMG-20230117-WA0007-1074x1536.jpg 1074w, https:\/\/cullarvega.com\/casa-cultura\/wp-content\/uploads\/2023\/01\/IMG-20230117-WA0007-420x600.jpg 420w, https:\/\/cullarvega.com\/casa-cultura\/wp-content\/uploads\/2023\/01\/IMG-20230117-WA0007-392x560.jpg 392w, https:\/\/cullarvega.com\/casa-cultura\/wp-content\/uploads\/2023\/01\/IMG-20230117-WA0007.jpg 1119w\" sizes=\"(max-width: 716px) 100vw, 716px\" \/><\/a><\/figure>\n","protected":false},"excerpt":{"rendered":"<p>Coordinado por Yanina Ivaldi, les invitamos a participar de la muestra de teatro donde compartiremos escenas de improvisaci\u00f3n para dar a conocer la din\u00e1mica de las clases a trav\u00e9s de sus trabajos, porque &#8230;. \u00a1Sin p\u00fablico no hay teatro! Actuar\u00e1n \u00c1frica, Anabel, Andr\u00e9s, Diana, Diego, Javi, Pablo, Roc\u00edo, Sara Q, Sara R, Shane, Teresa, Trini [&hellip;]<\/p>\n","protected":false},"author":1,"featured_media":20740,"comment_status":"closed","ping_status":"open","sticky":false,"template":"","format":"standard","meta":{"footnotes":""},"categories":[175],"tags":[],"class_list":["post-20727","post","type-post","status-publish","format-standard","has-post-thumbnail","hentry","category-teatro"],"_links":{"self":[{"href":"https:\/\/cullarvega.com\/casa-cultura\/wp-json\/wp\/v2\/posts\/20727","targetHints":{"allow":["GET"]}}],"collection":[{"href":"https:\/\/cullarvega.com\/casa-cultura\/wp-json\/wp\/v2\/posts"}],"about":[{"href":"https:\/\/cullarvega.com\/casa-cultura\/wp-json\/wp\/v2\/types\/post"}],"author":[{"embeddable":true,"href":"https:\/\/cullarvega.com\/casa-cultura\/wp-json\/wp\/v2\/users\/1"}],"replies":[{"embeddable":true,"href":"https:\/\/cullarvega.com\/casa-cultura\/wp-json\/wp\/v2\/comments?post=20727"}],"version-history":[{"count":2,"href":"https:\/\/cullarvega.com\/casa-cultura\/wp-json\/wp\/v2\/posts\/20727\/revisions"}],"predecessor-version":[{"id":20741,"href":"https:\/\/cullarvega.com\/casa-cultura\/wp-json\/wp\/v2\/posts\/20727\/revisions\/20741"}],"wp:featuredmedia":[{"embeddable":true,"href":"https:\/\/cullarvega.com\/casa-cultura\/wp-json\/wp\/v2\/media\/20740"}],"wp:attachment":[{"href":"https:\/\/cullarvega.com\/casa-cultura\/wp-json\/wp\/v2\/media?parent=20727"}],"wp:term":[{"taxonomy":"category","embeddable":true,"href":"https:\/\/cullarvega.com\/casa-cultura\/wp-json\/wp\/v2\/categories?post=20727"},{"taxonomy":"post_tag","embeddable":true,"href":"https:\/\/cullarvega.com\/casa-cultura\/wp-json\/wp\/v2\/tags?post=20727"}],"curies":[{"name":"wp","href":"https:\/\/api.w.org\/{rel}","templated":true}]}}