{"id":20567,"date":"2019-04-04T18:59:00","date_gmt":"2019-04-04T18:59:00","guid":{"rendered":"https:\/\/cullarvega.com\/casa-cultura\/?p=20567"},"modified":"2023-01-11T19:00:46","modified_gmt":"2023-01-11T19:00:46","slug":"una-exposicion-fotografica-retrata-la-historia-de-la-procesion-de-los-petardos-de-cullar-vega","status":"publish","type":"post","link":"https:\/\/cullarvega.com\/casa-cultura\/una-exposicion-fotografica-retrata-la-historia-de-la-procesion-de-los-petardos-de-cullar-vega\/","title":{"rendered":"Una exposici\u00f3n fotogr\u00e1fica retrata la historia de la \u2018Procesi\u00f3n de los petardos\u2019 de C\u00fallar Vega"},"content":{"rendered":"\n<h2 class=\"wp-block-heading\">La muestra sobre esta original tradici\u00f3n, en la que los vecinos reciben al Ni\u00f1o Resucitado cada Semana Santa en medio de una nube de petardos, puede contemplarse hasta el pr\u00f3ximo 29 de abril<\/h2>\n\n\n\n<hr class=\"wp-block-separator has-alpha-channel-opacity\"\/>\n\n\n<div class=\"wp-block-image\">\n<figure class=\"alignright\"><a href=\"https:\/\/www.cullarvega.com\/una-exposicion-fotografica-retrata-la-historia-de-la-procesion-de-los-petardos-de-cullar-vega\/11-2\/\"><img decoding=\"async\" src=\"https:\/\/www.cullarvega.com\/wp-content\/uploads\/2019\/04\/11.jpg\" alt=\"\" class=\"wp-image-6800\"\/><\/a><\/figure>\n<\/div>\n\n\n<p>La Casa de la Cultura de C\u00fallar Vega acoge hasta el pr\u00f3ximo 29 de abril una <strong>exposici\u00f3n fotogr\u00e1fica<\/strong> sobre <strong>El Ni\u00f1o Resucitado<\/strong> dedicada a la<strong> \u201cprocesi\u00f3n de los petardos\u201d<\/strong>, una de las tradiciones m\u00e1s arraigadas en este municipio metropolitano.<\/p>\n\n\n\n<p>La muestra est\u00e1 formada por m\u00e1s de<strong> 60 im\u00e1genes<\/strong> tomadas por los fot\u00f3grafos <strong>Miguel<\/strong> <strong>\u00c1ngel<\/strong> <strong>Molina<\/strong>, <strong>Pepa<\/strong> <strong>Morente<\/strong>, <strong>Paco<\/strong> <strong>\u00c1lvarez<\/strong> y <strong>Francisco<\/strong> <strong>S\u00e1nchez<\/strong>, \u201c<em>que han logrado captar a trav\u00e9s de su objetivo algunos momentos \u00fanicos de esta tradici\u00f3n tan nuestra<\/em>\u201d, ha destacado el alcalde de C\u00fallar Vega, <strong>Jorge<\/strong> <strong>S\u00e1nchez<\/strong>. El comisario de la exposici\u00f3n es <strong>Jes\u00fas<\/strong> <strong>Ochando<\/strong>.<\/p>\n\n\n\n<p>La centenaria procesi\u00f3n del Ni\u00f1o Resucitado tiene lugar cada Semana Santa, el Domingo de Resurrecci\u00f3n, y en ella los vecinos reciben al Ni\u00f1o Jes\u00fas en medio de una nube de petardos.<\/p>\n\n\n\n<p>El mismo d\u00eda que inaugur\u00f3 la exposici\u00f3n fotogr\u00e1fica, el Ayuntamiento cullero estren\u00f3 el documental \u201c<strong>Ni\u00f1o Resucitado de C\u00fallar Vega: 30 minutos de una tradici\u00f3n<\/strong>\u201d, que cuenta la historia de esta curiosa tradici\u00f3n, con entrevistas a algunos protagonistas e im\u00e1genes in\u00e9ditas de la procesi\u00f3n.<\/p>\n\n\n\n<p><strong>FIESTA DE INTER\u00c9S TUR\u00cdSTICO<\/strong><\/p>\n\n\n\n<p>El alcalde de C\u00fallar Vega, <strong>Jorge<\/strong> <strong>S\u00e1nchez<\/strong>, destaca que ambas iniciativas, el documental y la exposici\u00f3n, <em>\u201cse enmarcan dentro de una serie de acciones que estamos impulsando desde el Ayuntamiento para convertir esta celebraci\u00f3n en Fiesta de Inter\u00e9s Tur\u00edstico<\/em>\u201d. No en vano, el Consistorio present\u00f3 la procesi\u00f3n del Ni\u00f1o Resucitado en la \u00faltima edici\u00f3n de la <strong>Feria Internacional<\/strong> de <strong>Turismo FITUR<\/strong>.<\/p>\n\n\n\n<p>El primer edil agradece su ayuda \u201c<em>a la parroquia, a la Hermandad y a la asociaci\u00f3n de costaleros, quienes nos han cedido algunos objetos que tambi\u00e9n forman parte de la exposici\u00f3n<\/em>\u201d.<\/p>\n\n\n\n<p>La exposici\u00f3n sobre El Ni\u00f1o Resucitado puede contemplarse en la <strong>Casa de la Cultura de C\u00fallar Vega<\/strong> hasta el pr\u00f3ximo 29 de abril.<\/p>\n","protected":false},"excerpt":{"rendered":"<p>La muestra sobre esta original tradici\u00f3n, en la que los vecinos reciben al Ni\u00f1o Resucitado cada Semana Santa en medio de una nube de petardos, puede contemplarse hasta el pr\u00f3ximo 29 de abril La Casa de la Cultura de C\u00fallar Vega acoge hasta el pr\u00f3ximo 29 de abril una exposici\u00f3n fotogr\u00e1fica sobre El Ni\u00f1o Resucitado [&hellip;]<\/p>\n","protected":false},"author":1,"featured_media":20568,"comment_status":"closed","ping_status":"open","sticky":false,"template":"","format":"standard","meta":{"footnotes":""},"categories":[118],"tags":[],"class_list":["post-20567","post","type-post","status-publish","format-standard","has-post-thumbnail","hentry","category-sala-exposiciones"],"_links":{"self":[{"href":"https:\/\/cullarvega.com\/casa-cultura\/wp-json\/wp\/v2\/posts\/20567","targetHints":{"allow":["GET"]}}],"collection":[{"href":"https:\/\/cullarvega.com\/casa-cultura\/wp-json\/wp\/v2\/posts"}],"about":[{"href":"https:\/\/cullarvega.com\/casa-cultura\/wp-json\/wp\/v2\/types\/post"}],"author":[{"embeddable":true,"href":"https:\/\/cullarvega.com\/casa-cultura\/wp-json\/wp\/v2\/users\/1"}],"replies":[{"embeddable":true,"href":"https:\/\/cullarvega.com\/casa-cultura\/wp-json\/wp\/v2\/comments?post=20567"}],"version-history":[{"count":1,"href":"https:\/\/cullarvega.com\/casa-cultura\/wp-json\/wp\/v2\/posts\/20567\/revisions"}],"predecessor-version":[{"id":20569,"href":"https:\/\/cullarvega.com\/casa-cultura\/wp-json\/wp\/v2\/posts\/20567\/revisions\/20569"}],"wp:featuredmedia":[{"embeddable":true,"href":"https:\/\/cullarvega.com\/casa-cultura\/wp-json\/wp\/v2\/media\/20568"}],"wp:attachment":[{"href":"https:\/\/cullarvega.com\/casa-cultura\/wp-json\/wp\/v2\/media?parent=20567"}],"wp:term":[{"taxonomy":"category","embeddable":true,"href":"https:\/\/cullarvega.com\/casa-cultura\/wp-json\/wp\/v2\/categories?post=20567"},{"taxonomy":"post_tag","embeddable":true,"href":"https:\/\/cullarvega.com\/casa-cultura\/wp-json\/wp\/v2\/tags?post=20567"}],"curies":[{"name":"wp","href":"https:\/\/api.w.org\/{rel}","templated":true}]}}