{"id":20564,"date":"2022-05-11T18:59:00","date_gmt":"2022-05-11T18:59:00","guid":{"rendered":"https:\/\/cullarvega.com\/casa-cultura\/?p=20564"},"modified":"2023-01-11T19:01:41","modified_gmt":"2023-01-11T19:01:41","slug":"la-casa-de-la-cultura-de-cullar-vega-acoge-una-exposicion-sobre-comercio-justo","status":"publish","type":"post","link":"https:\/\/cullarvega.com\/casa-cultura\/la-casa-de-la-cultura-de-cullar-vega-acoge-una-exposicion-sobre-comercio-justo\/","title":{"rendered":"La Casa de la Cultura de C\u00fallar Vega acoge una exposici\u00f3n sobre comercio justo"},"content":{"rendered":"\n<h3 class=\"wp-block-heading\">Forma parte de una campa\u00f1a de la concejal\u00eda de Desarrollo Local, que dedicar\u00e1 cada mes del a\u00f1o a una causa solidaria<\/h3>\n\n\n\n<p>La Casa de la Cultura del municipio granadino de C\u00fallar Vega acoge hasta finales del mes de mayo una exposici\u00f3n dedicada al<strong> comercio justo y al consumo responsable,<\/strong> organizada por la concejal\u00eda de Desarrollo Local del Ayuntamiento cullero.<\/p>\n\n\n\n<p>La muestra, que puede visitarse en horario de<strong> 10 a 13 <\/strong>y de <strong>17 a 20 horas<\/strong>, de lunes a viernes, recoge una serie de <strong>paneles informativos sobre esta materia<\/strong>, y ha sido organizada con la colaboraci\u00f3n del <strong>Fondo Andaluz de Municipios para la Solidaridad Internacional (FAMSI), <\/strong>entidad que articula, impulsa y coordina la labor de los gobiernos locales andaluces en una red de cooperaci\u00f3n y acci\u00f3n local y global.<\/p>\n\n\n\n<p>La concejala de Desarrollo Local de C\u00fallar Vega, <strong>Elvira<\/strong> <strong>Ram\u00edrez<\/strong>, explica que esta exposici\u00f3n \u201c<em>forma parte de una campa\u00f1a que se puso en marcha el pasado mes de enero, gracias a la cual el Ayuntamiento dedicar\u00e1 cada mes de este a\u00f1o 2022 a una causa solidaria, mediante iniciativas concretas, que tambi\u00e9n incluyen la colocaci\u00f3n de un cartel en la fachada del Consistorio<\/em>\u201d<\/p>\n\n\n\n<p>As\u00ed, el mes de enero se dedic\u00f3 a la Paz y la No Violencia; febrero, a la lucha contra el c\u00e1ncer; marzo, a la igualdad; y abril, al desarrollo a trav\u00e9s del deporte. \u201c<em>El lema elegido todos los meses ser\u00e1 \u2018C\u00fallar Vega, comprometida con\u2026\u2019 y la causa solidaria<\/em>\u201d, explica la edil, quien destaca que cada mes se dedicar\u00e1 a una causa solidaria, y que algunas de ellas forman parte de los Objetivos de Desarrollo Sostenible (ODS) de la Organizaci\u00f3n de las Naciones Unidas (ONU).<\/p>\n","protected":false},"excerpt":{"rendered":"<p>Forma parte de una campa\u00f1a de la concejal\u00eda de Desarrollo Local, que dedicar\u00e1 cada mes del a\u00f1o a una causa solidaria La Casa de la Cultura del municipio granadino de C\u00fallar Vega acoge hasta finales del mes de mayo una exposici\u00f3n dedicada al comercio justo y al consumo responsable, organizada por la concejal\u00eda de Desarrollo [&hellip;]<\/p>\n","protected":false},"author":1,"featured_media":20565,"comment_status":"closed","ping_status":"open","sticky":false,"template":"","format":"standard","meta":{"footnotes":""},"categories":[118],"tags":[],"class_list":["post-20564","post","type-post","status-publish","format-standard","has-post-thumbnail","hentry","category-sala-exposiciones"],"_links":{"self":[{"href":"https:\/\/cullarvega.com\/casa-cultura\/wp-json\/wp\/v2\/posts\/20564","targetHints":{"allow":["GET"]}}],"collection":[{"href":"https:\/\/cullarvega.com\/casa-cultura\/wp-json\/wp\/v2\/posts"}],"about":[{"href":"https:\/\/cullarvega.com\/casa-cultura\/wp-json\/wp\/v2\/types\/post"}],"author":[{"embeddable":true,"href":"https:\/\/cullarvega.com\/casa-cultura\/wp-json\/wp\/v2\/users\/1"}],"replies":[{"embeddable":true,"href":"https:\/\/cullarvega.com\/casa-cultura\/wp-json\/wp\/v2\/comments?post=20564"}],"version-history":[{"count":1,"href":"https:\/\/cullarvega.com\/casa-cultura\/wp-json\/wp\/v2\/posts\/20564\/revisions"}],"predecessor-version":[{"id":20566,"href":"https:\/\/cullarvega.com\/casa-cultura\/wp-json\/wp\/v2\/posts\/20564\/revisions\/20566"}],"wp:featuredmedia":[{"embeddable":true,"href":"https:\/\/cullarvega.com\/casa-cultura\/wp-json\/wp\/v2\/media\/20565"}],"wp:attachment":[{"href":"https:\/\/cullarvega.com\/casa-cultura\/wp-json\/wp\/v2\/media?parent=20564"}],"wp:term":[{"taxonomy":"category","embeddable":true,"href":"https:\/\/cullarvega.com\/casa-cultura\/wp-json\/wp\/v2\/categories?post=20564"},{"taxonomy":"post_tag","embeddable":true,"href":"https:\/\/cullarvega.com\/casa-cultura\/wp-json\/wp\/v2\/tags?post=20564"}],"curies":[{"name":"wp","href":"https:\/\/api.w.org\/{rel}","templated":true}]}}