{"id":20558,"date":"2022-12-11T18:57:00","date_gmt":"2022-12-11T18:57:00","guid":{"rendered":"https:\/\/cullarvega.com\/casa-cultura\/?p=20558"},"modified":"2023-01-11T18:58:14","modified_gmt":"2023-01-11T18:58:14","slug":"exposicion-sobre-tradicion-culto-e-historia-de-la-hermandad-sacramental-de-cullar-vega","status":"publish","type":"post","link":"https:\/\/cullarvega.com\/casa-cultura\/exposicion-sobre-tradicion-culto-e-historia-de-la-hermandad-sacramental-de-cullar-vega\/","title":{"rendered":"Exposici\u00f3n sobre Tradici\u00f3n, Culto e Historia de la Hermandad Sacramental de C\u00fallar Vega"},"content":{"rendered":"\n<p>300 a\u00f1os de devoci\u00f3n se expondr\u00e1n del 18 al 23 de diciembre de 2022, en horario de 17 a 20 h. en la Sala de Exposiciones de la Casa de la Cultura de C\u00fallar Vega.<\/p>\n","protected":false},"excerpt":{"rendered":"<p>300 a\u00f1os de devoci\u00f3n se expondr\u00e1n del 18 al 23 de diciembre de 2022, en horario de 17 a 20 h. en la Sala de Exposiciones de la Casa de la Cultura de C\u00fallar Vega.<\/p>\n","protected":false},"author":1,"featured_media":20559,"comment_status":"closed","ping_status":"open","sticky":false,"template":"","format":"standard","meta":{"footnotes":""},"categories":[118],"tags":[],"class_list":["post-20558","post","type-post","status-publish","format-standard","has-post-thumbnail","hentry","category-sala-exposiciones"],"_links":{"self":[{"href":"https:\/\/cullarvega.com\/casa-cultura\/wp-json\/wp\/v2\/posts\/20558","targetHints":{"allow":["GET"]}}],"collection":[{"href":"https:\/\/cullarvega.com\/casa-cultura\/wp-json\/wp\/v2\/posts"}],"about":[{"href":"https:\/\/cullarvega.com\/casa-cultura\/wp-json\/wp\/v2\/types\/post"}],"author":[{"embeddable":true,"href":"https:\/\/cullarvega.com\/casa-cultura\/wp-json\/wp\/v2\/users\/1"}],"replies":[{"embeddable":true,"href":"https:\/\/cullarvega.com\/casa-cultura\/wp-json\/wp\/v2\/comments?post=20558"}],"version-history":[{"count":1,"href":"https:\/\/cullarvega.com\/casa-cultura\/wp-json\/wp\/v2\/posts\/20558\/revisions"}],"predecessor-version":[{"id":20560,"href":"https:\/\/cullarvega.com\/casa-cultura\/wp-json\/wp\/v2\/posts\/20558\/revisions\/20560"}],"wp:featuredmedia":[{"embeddable":true,"href":"https:\/\/cullarvega.com\/casa-cultura\/wp-json\/wp\/v2\/media\/20559"}],"wp:attachment":[{"href":"https:\/\/cullarvega.com\/casa-cultura\/wp-json\/wp\/v2\/media?parent=20558"}],"wp:term":[{"taxonomy":"category","embeddable":true,"href":"https:\/\/cullarvega.com\/casa-cultura\/wp-json\/wp\/v2\/categories?post=20558"},{"taxonomy":"post_tag","embeddable":true,"href":"https:\/\/cullarvega.com\/casa-cultura\/wp-json\/wp\/v2\/tags?post=20558"}],"curies":[{"name":"wp","href":"https:\/\/api.w.org\/{rel}","templated":true}]}}