{"id":20539,"date":"2021-08-25T18:45:00","date_gmt":"2021-08-25T18:45:00","guid":{"rendered":"https:\/\/cullarvega.com\/casa-cultura\/?p=20539"},"modified":"2023-01-18T19:46:35","modified_gmt":"2023-01-18T18:46:35","slug":"abierto-plazo-de-matriculacion-para-el-centro-de-educacion-permanente-elena-martin-vivaldi-escuela-de-adultos","status":"publish","type":"post","link":"https:\/\/cullarvega.com\/casa-cultura\/abierto-plazo-de-matriculacion-para-el-centro-de-educacion-permanente-elena-martin-vivaldi-escuela-de-adultos\/","title":{"rendered":"Abierto Plazo de Matriculaci\u00f3n para el Centro de Educaci\u00f3n Permanente Elena Mart\u00edn Vivaldi (Escuela de Adultos)"},"content":{"rendered":"\n<p>Se abre un Plazo de Matriculaci\u00f3n del 1 al 15 de Septiembre de 2021 para el <strong>Centro de Educaci\u00f3n Permanente Elena Mart\u00edn Vivaldi (Escuela de Adultos) <\/strong>que depende de la Consejer\u00eda de Educaci\u00f3n de la Junta de Andaluc\u00eda y que cuenta con sede en C\u00fallar Vega. (Aulas Casa de la Cultura)<\/p>\n\n\n\n<p>Consulta las diferentes opciones y reeng\u00e1nchate a la Formaci\u00f3n Reglada. Prueba Libre de Secundaria, Acceso a la Universidad y a Ciclos Formativos, Idioma, Inform\u00e1tica, Cultura Andaluza y mucho m\u00e1s de forma totalmente gratuita. <strong>INF\u00d3RMATE<\/strong>.<\/p>\n\n\n\n<p>Informaci\u00f3n y matriculaciones a partir del d\u00eda <strong>1 de Septiembre <\/strong>en la <strong>Casa de la Cultura de C\u00fallar Vega <\/strong>de lunes a viernes de 9:00 a 14:00 horas .<\/p>\n","protected":false},"excerpt":{"rendered":"<p>Se abre un Plazo de Matriculaci\u00f3n del 1 al 15 de Septiembre de 2021 para el Centro de Educaci\u00f3n Permanente Elena Mart\u00edn Vivaldi (Escuela de Adultos) que depende de la Consejer\u00eda de Educaci\u00f3n de la Junta de Andaluc\u00eda y que cuenta con sede en C\u00fallar Vega. (Aulas Casa de la Cultura) Consulta las diferentes opciones [&hellip;]<\/p>\n","protected":false},"author":1,"featured_media":20540,"comment_status":"closed","ping_status":"open","sticky":false,"template":"","format":"standard","meta":{"footnotes":""},"categories":[42,176],"tags":[177],"class_list":["post-20539","post","type-post","status-publish","format-standard","has-post-thumbnail","hentry","category-ceper-elena-martin-vivaldi","category-formacion","tag-formacion"],"_links":{"self":[{"href":"https:\/\/cullarvega.com\/casa-cultura\/wp-json\/wp\/v2\/posts\/20539","targetHints":{"allow":["GET"]}}],"collection":[{"href":"https:\/\/cullarvega.com\/casa-cultura\/wp-json\/wp\/v2\/posts"}],"about":[{"href":"https:\/\/cullarvega.com\/casa-cultura\/wp-json\/wp\/v2\/types\/post"}],"author":[{"embeddable":true,"href":"https:\/\/cullarvega.com\/casa-cultura\/wp-json\/wp\/v2\/users\/1"}],"replies":[{"embeddable":true,"href":"https:\/\/cullarvega.com\/casa-cultura\/wp-json\/wp\/v2\/comments?post=20539"}],"version-history":[{"count":1,"href":"https:\/\/cullarvega.com\/casa-cultura\/wp-json\/wp\/v2\/posts\/20539\/revisions"}],"predecessor-version":[{"id":20541,"href":"https:\/\/cullarvega.com\/casa-cultura\/wp-json\/wp\/v2\/posts\/20539\/revisions\/20541"}],"wp:featuredmedia":[{"embeddable":true,"href":"https:\/\/cullarvega.com\/casa-cultura\/wp-json\/wp\/v2\/media\/20540"}],"wp:attachment":[{"href":"https:\/\/cullarvega.com\/casa-cultura\/wp-json\/wp\/v2\/media?parent=20539"}],"wp:term":[{"taxonomy":"category","embeddable":true,"href":"https:\/\/cullarvega.com\/casa-cultura\/wp-json\/wp\/v2\/categories?post=20539"},{"taxonomy":"post_tag","embeddable":true,"href":"https:\/\/cullarvega.com\/casa-cultura\/wp-json\/wp\/v2\/tags?post=20539"}],"curies":[{"name":"wp","href":"https:\/\/api.w.org\/{rel}","templated":true}]}}