{"id":20533,"date":"2020-09-02T18:43:00","date_gmt":"2020-09-02T18:43:00","guid":{"rendered":"https:\/\/cullarvega.com\/casa-cultura\/?p=20533"},"modified":"2023-01-11T18:45:13","modified_gmt":"2023-01-11T18:45:13","slug":"abierto-plazo-extraordinario-de-matriculacion-centro-de-educacion-permanente-elena-martin-vivaldi-escuela-de-adultos","status":"publish","type":"post","link":"https:\/\/cullarvega.com\/casa-cultura\/abierto-plazo-extraordinario-de-matriculacion-centro-de-educacion-permanente-elena-martin-vivaldi-escuela-de-adultos\/","title":{"rendered":"Abierto Plazo Extraordinario de Matriculaci\u00f3n Centro de Educaci\u00f3n Permanente Elena Mart\u00edn Vivaldi (Escuela de Adultos)"},"content":{"rendered":"\n<p>Se abre un Plazo Extraordinanio de Matriculaci\u00f3n del 1 al 15 de Septiembre para el Centro de Educaci\u00f3n Permanente Elena Mart\u00edn Vivaldi (Escuela de Adultos) que depende de la Consejer\u00eda de Educaci\u00f3n de la Junta de Andaluc\u00eda y que cuenta con sede en C\u00fallar Vega. (Aulas Casa de la Cultura)<\/p>\n\n\n\n<p>Consulta las diferentes opciones y reeng\u00e1nchate a la Formaci\u00f3n Reglada. Prueba Libre de Secundaria, Acceso a la Universidad y a Ciclos Formativos, Idioma, Inform\u00e1tica, Cultura Andaluza y mucho m\u00e1s de forma totalmente gratuita. <strong>INF\u00d3RMATE<\/strong>.<\/p>\n\n\n\n<p>Informaci\u00f3n y matriculaciones a partir del d\u00eda <strong>1 de Septiembre <\/strong>en la <strong>Casa de la Cultura de C\u00fallar Vega <\/strong>en el siguiente horario: Martes, Mi\u00e9rcoles y Jueves de 9:00 a 14:00 horas y Mi\u00e9rcoles de 17:00 a 20:00 horas.<\/p>\n\n\n\n<p>Comienzo de las Clases el d\u00eda <strong>15 de Septiembre<\/strong> con las normas e instrucciones frente al Covid-19.<\/p>\n","protected":false},"excerpt":{"rendered":"<p>Se abre un Plazo Extraordinanio de Matriculaci\u00f3n del 1 al 15 de Septiembre para el Centro de Educaci\u00f3n Permanente Elena Mart\u00edn Vivaldi (Escuela de Adultos) que depende de la Consejer\u00eda de Educaci\u00f3n de la Junta de Andaluc\u00eda y que cuenta con sede en C\u00fallar Vega. (Aulas Casa de la Cultura) Consulta las diferentes opciones y [&hellip;]<\/p>\n","protected":false},"author":1,"featured_media":20537,"comment_status":"closed","ping_status":"open","sticky":false,"template":"","format":"standard","meta":{"footnotes":""},"categories":[42],"tags":[],"class_list":["post-20533","post","type-post","status-publish","format-standard","has-post-thumbnail","hentry","category-ceper-elena-martin-vivaldi"],"_links":{"self":[{"href":"https:\/\/cullarvega.com\/casa-cultura\/wp-json\/wp\/v2\/posts\/20533","targetHints":{"allow":["GET"]}}],"collection":[{"href":"https:\/\/cullarvega.com\/casa-cultura\/wp-json\/wp\/v2\/posts"}],"about":[{"href":"https:\/\/cullarvega.com\/casa-cultura\/wp-json\/wp\/v2\/types\/post"}],"author":[{"embeddable":true,"href":"https:\/\/cullarvega.com\/casa-cultura\/wp-json\/wp\/v2\/users\/1"}],"replies":[{"embeddable":true,"href":"https:\/\/cullarvega.com\/casa-cultura\/wp-json\/wp\/v2\/comments?post=20533"}],"version-history":[{"count":1,"href":"https:\/\/cullarvega.com\/casa-cultura\/wp-json\/wp\/v2\/posts\/20533\/revisions"}],"predecessor-version":[{"id":20538,"href":"https:\/\/cullarvega.com\/casa-cultura\/wp-json\/wp\/v2\/posts\/20533\/revisions\/20538"}],"wp:featuredmedia":[{"embeddable":true,"href":"https:\/\/cullarvega.com\/casa-cultura\/wp-json\/wp\/v2\/media\/20537"}],"wp:attachment":[{"href":"https:\/\/cullarvega.com\/casa-cultura\/wp-json\/wp\/v2\/media?parent=20533"}],"wp:term":[{"taxonomy":"category","embeddable":true,"href":"https:\/\/cullarvega.com\/casa-cultura\/wp-json\/wp\/v2\/categories?post=20533"},{"taxonomy":"post_tag","embeddable":true,"href":"https:\/\/cullarvega.com\/casa-cultura\/wp-json\/wp\/v2\/tags?post=20533"}],"curies":[{"name":"wp","href":"https:\/\/api.w.org\/{rel}","templated":true}]}}