{"id":20526,"date":"2022-09-01T18:41:00","date_gmt":"2022-09-01T18:41:00","guid":{"rendered":"https:\/\/cullarvega.com\/casa-cultura\/?p=20526"},"modified":"2023-01-18T19:46:35","modified_gmt":"2023-01-18T18:46:35","slug":"plazo-extraordinario-de-matriculacion-en-el-centro-de-educacion-permanente-elena-martin-vivaldi-escuela-de-adultos","status":"publish","type":"post","link":"https:\/\/cullarvega.com\/casa-cultura\/plazo-extraordinario-de-matriculacion-en-el-centro-de-educacion-permanente-elena-martin-vivaldi-escuela-de-adultos\/","title":{"rendered":"Plazo extraordinario de matriculaci\u00f3n en el Centro de Educaci\u00f3n Permanente Elena Mart\u00edn Vivaldi (Escuela de Adultos)"},"content":{"rendered":"\n<p>Del 1 al 15 de septiembre se abre un plazo extraordinario para la matriculaci\u00f3n en plazas vacantes: TAE para la obtenci\u00f3n del graduado ESA y TAE para la obtenci\u00f3n del A1, A2 y B1 de Ingl\u00e9s.<\/p>\n\n\n\n<p>M\u00e1s informaci\u00f3n: Tel\u00e9fono de informaci\u00f3n CEPER: 958 89 39 88 \u2013 Tel\u00e9fono Casa de la Cultura de Cullar Vega: 958 574 007<\/p>\n","protected":false},"excerpt":{"rendered":"<p>Del 1 al 15 de septiembre se abre un plazo extraordinario para la matriculaci\u00f3n en plazas vacantes: TAE para la obtenci\u00f3n del graduado ESA y TAE para la obtenci\u00f3n del A1, A2 y B1 de Ingl\u00e9s. M\u00e1s informaci\u00f3n: Tel\u00e9fono de informaci\u00f3n CEPER: 958 89 39 88 \u2013 Tel\u00e9fono Casa de la Cultura de Cullar Vega: [&hellip;]<\/p>\n","protected":false},"author":1,"featured_media":20527,"comment_status":"closed","ping_status":"open","sticky":false,"template":"","format":"standard","meta":{"footnotes":""},"categories":[42,176],"tags":[177],"class_list":["post-20526","post","type-post","status-publish","format-standard","has-post-thumbnail","hentry","category-ceper-elena-martin-vivaldi","category-formacion","tag-formacion"],"_links":{"self":[{"href":"https:\/\/cullarvega.com\/casa-cultura\/wp-json\/wp\/v2\/posts\/20526","targetHints":{"allow":["GET"]}}],"collection":[{"href":"https:\/\/cullarvega.com\/casa-cultura\/wp-json\/wp\/v2\/posts"}],"about":[{"href":"https:\/\/cullarvega.com\/casa-cultura\/wp-json\/wp\/v2\/types\/post"}],"author":[{"embeddable":true,"href":"https:\/\/cullarvega.com\/casa-cultura\/wp-json\/wp\/v2\/users\/1"}],"replies":[{"embeddable":true,"href":"https:\/\/cullarvega.com\/casa-cultura\/wp-json\/wp\/v2\/comments?post=20526"}],"version-history":[{"count":1,"href":"https:\/\/cullarvega.com\/casa-cultura\/wp-json\/wp\/v2\/posts\/20526\/revisions"}],"predecessor-version":[{"id":20528,"href":"https:\/\/cullarvega.com\/casa-cultura\/wp-json\/wp\/v2\/posts\/20526\/revisions\/20528"}],"wp:featuredmedia":[{"embeddable":true,"href":"https:\/\/cullarvega.com\/casa-cultura\/wp-json\/wp\/v2\/media\/20527"}],"wp:attachment":[{"href":"https:\/\/cullarvega.com\/casa-cultura\/wp-json\/wp\/v2\/media?parent=20526"}],"wp:term":[{"taxonomy":"category","embeddable":true,"href":"https:\/\/cullarvega.com\/casa-cultura\/wp-json\/wp\/v2\/categories?post=20526"},{"taxonomy":"post_tag","embeddable":true,"href":"https:\/\/cullarvega.com\/casa-cultura\/wp-json\/wp\/v2\/tags?post=20526"}],"curies":[{"name":"wp","href":"https:\/\/api.w.org\/{rel}","templated":true}]}}