{"id":20214,"date":"2022-11-28T09:00:00","date_gmt":"2022-11-28T08:00:00","guid":{"rendered":"https:\/\/www.cullarvega.com\/?p=20214"},"modified":"2026-01-28T09:08:11","modified_gmt":"2026-01-28T07:08:11","slug":"charla-sobre-compras-seguras-en-internet","status":"publish","type":"post","link":"https:\/\/cullarvega.com\/casa-cultura\/charla-sobre-compras-seguras-en-internet\/","title":{"rendered":"Charla sobre Compras Seguras en Internet"},"content":{"rendered":"\n<p>Conoce las pautas a seguir para comprar de forma segura en Internet con la charla que tendr\u00e1 lugar el pr\u00f3ximo viernes 2 de diciembre de 2022 en el <strong>Centro Guadalinfo de C\u00fallar Vega<\/strong> a las 10:00 h.<\/p>\n\n\n\n<p><strong>FECHA<\/strong>: 2 de diciembre de 2022<\/p>\n\n\n\n<p><strong>LUGAR<\/strong>: Centro Guadalinfo de C\u00fallar Vega | Casa de la Cultura 1\u00aa planta (enlace Google Maps: <a href=\"https:\/\/goo.gl\/maps\/cci6K9u4gHJ2\">https:\/\/goo.gl\/maps\/cci6K9u4gHJ2<\/a>)<\/p>\n\n\n\n<figure class=\"wp-block-image size-full\"><a href=\"https:\/\/cullarvega.com\/casa-cultura\/wp-content\/uploads\/2022\/11\/taller-charla-compras-seguras-724x1024-1.jpg\"><img fetchpriority=\"high\" decoding=\"async\" width=\"724\" height=\"1024\" src=\"https:\/\/cullarvega.com\/casa-cultura\/wp-content\/uploads\/2022\/11\/taller-charla-compras-seguras-724x1024-1.jpg\" alt=\"\" class=\"wp-image-20304\" srcset=\"https:\/\/cullarvega.com\/casa-cultura\/wp-content\/uploads\/2022\/11\/taller-charla-compras-seguras-724x1024-1.jpg 724w, https:\/\/cullarvega.com\/casa-cultura\/wp-content\/uploads\/2022\/11\/taller-charla-compras-seguras-724x1024-1-212x300.jpg 212w, https:\/\/cullarvega.com\/casa-cultura\/wp-content\/uploads\/2022\/11\/taller-charla-compras-seguras-724x1024-1-424x600.jpg 424w, https:\/\/cullarvega.com\/casa-cultura\/wp-content\/uploads\/2022\/11\/taller-charla-compras-seguras-724x1024-1-396x560.jpg 396w\" sizes=\"(max-width: 724px) 100vw, 724px\" \/><\/a><\/figure>\n","protected":false},"excerpt":{"rendered":"<p>Conoce las pautas a seguir para comprar de forma segura en Internet con la charla que tendr\u00e1 lugar el pr\u00f3ximo viernes 2 de diciembre de 2022 en el Centro Guadalinfo de C\u00fallar Vega a las 10:00 h. FECHA: 2 de diciembre de 2022 LUGAR: Centro Guadalinfo de C\u00fallar Vega | Casa de la Cultura 1\u00aa [&hellip;]<\/p>\n","protected":false},"author":1,"featured_media":20304,"comment_status":"open","ping_status":"open","sticky":false,"template":"","format":"standard","meta":{"footnotes":""},"categories":[176,43],"tags":[177],"class_list":["post-20214","post","type-post","status-publish","format-standard","has-post-thumbnail","hentry","category-formacion","category-punto-vuela","tag-formacion"],"_links":{"self":[{"href":"https:\/\/cullarvega.com\/casa-cultura\/wp-json\/wp\/v2\/posts\/20214","targetHints":{"allow":["GET"]}}],"collection":[{"href":"https:\/\/cullarvega.com\/casa-cultura\/wp-json\/wp\/v2\/posts"}],"about":[{"href":"https:\/\/cullarvega.com\/casa-cultura\/wp-json\/wp\/v2\/types\/post"}],"author":[{"embeddable":true,"href":"https:\/\/cullarvega.com\/casa-cultura\/wp-json\/wp\/v2\/users\/1"}],"replies":[{"embeddable":true,"href":"https:\/\/cullarvega.com\/casa-cultura\/wp-json\/wp\/v2\/comments?post=20214"}],"version-history":[{"count":3,"href":"https:\/\/cullarvega.com\/casa-cultura\/wp-json\/wp\/v2\/posts\/20214\/revisions"}],"predecessor-version":[{"id":22169,"href":"https:\/\/cullarvega.com\/casa-cultura\/wp-json\/wp\/v2\/posts\/20214\/revisions\/22169"}],"wp:featuredmedia":[{"embeddable":true,"href":"https:\/\/cullarvega.com\/casa-cultura\/wp-json\/wp\/v2\/media\/20304"}],"wp:attachment":[{"href":"https:\/\/cullarvega.com\/casa-cultura\/wp-json\/wp\/v2\/media?parent=20214"}],"wp:term":[{"taxonomy":"category","embeddable":true,"href":"https:\/\/cullarvega.com\/casa-cultura\/wp-json\/wp\/v2\/categories?post=20214"},{"taxonomy":"post_tag","embeddable":true,"href":"https:\/\/cullarvega.com\/casa-cultura\/wp-json\/wp\/v2\/tags?post=20214"}],"curies":[{"name":"wp","href":"https:\/\/api.w.org\/{rel}","templated":true}]}}