{"id":20059,"date":"2022-11-04T09:00:00","date_gmt":"2022-11-04T09:00:00","guid":{"rendered":"https:\/\/www.cullarvega.com\/?p=20059"},"modified":"2023-01-18T19:46:35","modified_gmt":"2023-01-18T18:46:35","slug":"talleres-de-manejo-y-trucos-de-whatsapp-para-mayores","status":"publish","type":"post","link":"https:\/\/cullarvega.com\/casa-cultura\/talleres-de-manejo-y-trucos-de-whatsapp-para-mayores\/","title":{"rendered":"Talleres de manejo y trucos de WhatsApp para mayores"},"content":{"rendered":"\n<p>En breve comenzar\u00e1n talleres sobre <strong>Trucos y Manejo de WhatsApp<\/strong> en el Centro Vuela Guadalinfo de C\u00fallar Vega.<\/p>\n\n\n\n<p>Es \ud83d\udd34 <strong>imprescindible <\/strong>\u270d\ufe0f inscribirse el siguiente enlace \ud83d\udc49 <a href=\"https:\/\/forms.gle\/FboJgWgPHM9SPTFt7\" target=\"_blank\" rel=\"noreferrer noopener\">https:\/\/forms.gle\/FboJgWgPHM9SPTFt7<\/a> para que se puedan organizar grupos reducidos y homog\u00e9neos que facilite la din\u00e1mica del taller.  <\/p>\n\n\n\n<p>La duraci\u00f3n del taller ser\u00e1n de 4 horas por grupo y se ir\u00e1n organizando tantos grupos como inscritos haya y siempre teniendo en cuenta el orden de inscripci\u00f3n y los d\u00edas y horas seleccionados de asistencia.<\/p>\n\n\n\n<p>Para ampliar informaci\u00f3n solo ten\u00e9is que escribir al 683 15 01 02<\/p>\n\n\n\n<figure class=\"wp-block-image size-full\"><img fetchpriority=\"high\" decoding=\"async\" width=\"724\" height=\"1024\" src=\"https:\/\/cullarvega.com\/casa-cultura\/wp-content\/uploads\/2023\/01\/taller-whatsapp-724x1024-1.jpg\" alt=\"\" class=\"wp-image-20306\" srcset=\"https:\/\/cullarvega.com\/casa-cultura\/wp-content\/uploads\/2023\/01\/taller-whatsapp-724x1024-1.jpg 724w, https:\/\/cullarvega.com\/casa-cultura\/wp-content\/uploads\/2023\/01\/taller-whatsapp-724x1024-1-212x300.jpg 212w, https:\/\/cullarvega.com\/casa-cultura\/wp-content\/uploads\/2023\/01\/taller-whatsapp-724x1024-1-424x600.jpg 424w, https:\/\/cullarvega.com\/casa-cultura\/wp-content\/uploads\/2023\/01\/taller-whatsapp-724x1024-1-396x560.jpg 396w\" sizes=\"(max-width: 724px) 100vw, 724px\" \/><\/figure>\n","protected":false},"excerpt":{"rendered":"<p>En breve comenzar\u00e1n talleres sobre Trucos y Manejo de WhatsApp en el Centro Vuela Guadalinfo de C\u00fallar Vega. Es \ud83d\udd34 imprescindible \u270d\ufe0f inscribirse el siguiente enlace \ud83d\udc49 https:\/\/forms.gle\/FboJgWgPHM9SPTFt7 para que se puedan organizar grupos reducidos y homog\u00e9neos que facilite la din\u00e1mica del taller. La duraci\u00f3n del taller ser\u00e1n de 4 horas por grupo y se [&hellip;]<\/p>\n","protected":false},"author":1,"featured_media":20306,"comment_status":"open","ping_status":"open","sticky":false,"template":"","format":"standard","meta":{"footnotes":""},"categories":[176,43],"tags":[177],"class_list":["post-20059","post","type-post","status-publish","format-standard","has-post-thumbnail","hentry","category-formacion","category-punto-vuela","tag-formacion"],"_links":{"self":[{"href":"https:\/\/cullarvega.com\/casa-cultura\/wp-json\/wp\/v2\/posts\/20059","targetHints":{"allow":["GET"]}}],"collection":[{"href":"https:\/\/cullarvega.com\/casa-cultura\/wp-json\/wp\/v2\/posts"}],"about":[{"href":"https:\/\/cullarvega.com\/casa-cultura\/wp-json\/wp\/v2\/types\/post"}],"author":[{"embeddable":true,"href":"https:\/\/cullarvega.com\/casa-cultura\/wp-json\/wp\/v2\/users\/1"}],"replies":[{"embeddable":true,"href":"https:\/\/cullarvega.com\/casa-cultura\/wp-json\/wp\/v2\/comments?post=20059"}],"version-history":[{"count":2,"href":"https:\/\/cullarvega.com\/casa-cultura\/wp-json\/wp\/v2\/posts\/20059\/revisions"}],"predecessor-version":[{"id":20307,"href":"https:\/\/cullarvega.com\/casa-cultura\/wp-json\/wp\/v2\/posts\/20059\/revisions\/20307"}],"wp:featuredmedia":[{"embeddable":true,"href":"https:\/\/cullarvega.com\/casa-cultura\/wp-json\/wp\/v2\/media\/20306"}],"wp:attachment":[{"href":"https:\/\/cullarvega.com\/casa-cultura\/wp-json\/wp\/v2\/media?parent=20059"}],"wp:term":[{"taxonomy":"category","embeddable":true,"href":"https:\/\/cullarvega.com\/casa-cultura\/wp-json\/wp\/v2\/categories?post=20059"},{"taxonomy":"post_tag","embeddable":true,"href":"https:\/\/cullarvega.com\/casa-cultura\/wp-json\/wp\/v2\/tags?post=20059"}],"curies":[{"name":"wp","href":"https:\/\/api.w.org\/{rel}","templated":true}]}}