{"id":20047,"date":"2022-11-02T09:00:00","date_gmt":"2022-11-02T08:00:00","guid":{"rendered":"https:\/\/www.cullarvega.com\/?p=20047"},"modified":"2023-01-11T06:15:19","modified_gmt":"2023-01-11T06:15:19","slug":"que-esta-pasando-con-la-factura-de-la-luz-charla-informativa","status":"publish","type":"post","link":"https:\/\/cullarvega.com\/casa-cultura\/que-esta-pasando-con-la-factura-de-la-luz-charla-informativa\/","title":{"rendered":"\u00bfQu\u00e9 est\u00e1 pasando con la factura de la luz? charla informativa"},"content":{"rendered":"\n<p>El 14 de noviembre a las 10:30 h. tendr\u00e1 lugar una interesante charla informativa sobre la<strong> Factura de la Luz <\/strong>e informaremos sobre c\u00f3mo solicitar el <strong>Bono Social<\/strong>.<\/p>\n\n\n\n<p><strong>Lugar<\/strong>: Centro Vuela Guadalinfo de C\u00fallar Vega (Casa de la Cultura)<\/p>\n\n\n\n<p><strong>D\u00eda<\/strong>: 14 de noviembre de 2022<\/p>\n\n\n\n<p><strong>Hora<\/strong>: 10:30 h.  <\/p>\n\n\n\n<figure class=\"wp-block-image size-full\"><img fetchpriority=\"high\" decoding=\"async\" width=\"849\" height=\"1024\" src=\"https:\/\/cullarvega.com\/casa-cultura\/wp-content\/uploads\/2023\/01\/charla-factura-luz.jpeg\" alt=\"\" class=\"wp-image-20308\" srcset=\"https:\/\/cullarvega.com\/casa-cultura\/wp-content\/uploads\/2023\/01\/charla-factura-luz.jpeg 849w, https:\/\/cullarvega.com\/casa-cultura\/wp-content\/uploads\/2023\/01\/charla-factura-luz-249x300.jpeg 249w, https:\/\/cullarvega.com\/casa-cultura\/wp-content\/uploads\/2023\/01\/charla-factura-luz-768x926.jpeg 768w, https:\/\/cullarvega.com\/casa-cultura\/wp-content\/uploads\/2023\/01\/charla-factura-luz-497x600.jpeg 497w, https:\/\/cullarvega.com\/casa-cultura\/wp-content\/uploads\/2023\/01\/charla-factura-luz-464x560.jpeg 464w\" sizes=\"(max-width: 849px) 100vw, 849px\" \/><\/figure>\n","protected":false},"excerpt":{"rendered":"<p>El 14 de noviembre a las 10:30 h. tendr\u00e1 lugar una interesante charla informativa sobre la Factura de la Luz e informaremos sobre c\u00f3mo solicitar el Bono Social. Lugar: Centro Vuela Guadalinfo de C\u00fallar Vega (Casa de la Cultura) D\u00eda: 14 de noviembre de 2022 Hora: 10:30 h.<\/p>\n","protected":false},"author":1,"featured_media":20308,"comment_status":"open","ping_status":"open","sticky":false,"template":"","format":"standard","meta":{"footnotes":""},"categories":[43],"tags":[],"class_list":["post-20047","post","type-post","status-publish","format-standard","has-post-thumbnail","hentry","category-punto-vuela"],"_links":{"self":[{"href":"https:\/\/cullarvega.com\/casa-cultura\/wp-json\/wp\/v2\/posts\/20047","targetHints":{"allow":["GET"]}}],"collection":[{"href":"https:\/\/cullarvega.com\/casa-cultura\/wp-json\/wp\/v2\/posts"}],"about":[{"href":"https:\/\/cullarvega.com\/casa-cultura\/wp-json\/wp\/v2\/types\/post"}],"author":[{"embeddable":true,"href":"https:\/\/cullarvega.com\/casa-cultura\/wp-json\/wp\/v2\/users\/1"}],"replies":[{"embeddable":true,"href":"https:\/\/cullarvega.com\/casa-cultura\/wp-json\/wp\/v2\/comments?post=20047"}],"version-history":[{"count":2,"href":"https:\/\/cullarvega.com\/casa-cultura\/wp-json\/wp\/v2\/posts\/20047\/revisions"}],"predecessor-version":[{"id":20309,"href":"https:\/\/cullarvega.com\/casa-cultura\/wp-json\/wp\/v2\/posts\/20047\/revisions\/20309"}],"wp:featuredmedia":[{"embeddable":true,"href":"https:\/\/cullarvega.com\/casa-cultura\/wp-json\/wp\/v2\/media\/20308"}],"wp:attachment":[{"href":"https:\/\/cullarvega.com\/casa-cultura\/wp-json\/wp\/v2\/media?parent=20047"}],"wp:term":[{"taxonomy":"category","embeddable":true,"href":"https:\/\/cullarvega.com\/casa-cultura\/wp-json\/wp\/v2\/categories?post=20047"},{"taxonomy":"post_tag","embeddable":true,"href":"https:\/\/cullarvega.com\/casa-cultura\/wp-json\/wp\/v2\/tags?post=20047"}],"curies":[{"name":"wp","href":"https:\/\/api.w.org\/{rel}","templated":true}]}}