{"id":19831,"date":"2022-10-19T09:00:00","date_gmt":"2022-10-19T07:00:00","guid":{"rendered":"https:\/\/www.cullarvega.com\/?p=19831"},"modified":"2023-01-11T06:15:52","modified_gmt":"2023-01-11T06:15:52","slug":"construccion-de-cullar-vega-en-un-mundo-de-minetest","status":"publish","type":"post","link":"https:\/\/cullarvega.com\/casa-cultura\/construccion-de-cullar-vega-en-un-mundo-de-minetest\/","title":{"rendered":"Construcci\u00f3n de C\u00fallar Vega en un mundo MINETEST"},"content":{"rendered":"\n<p>Si te gusta #Minecraft este es tu proyecto: buscamos j\u00f3venes que nos ayuden a construir el municipio de C\u00fallar Vega en un mundo \u00fanico en Minetest, en el Centro Vuela Guadalinfo.<\/p>\n\n\n\n<p>\u00a1Ya tenemos la Casa de la Cultura, y hemos comenzado a construir el colegio el instituto y algunas de las calles cercanas!.<\/p>\n\n\n\n<p><strong>M\u00e1s<\/strong> <strong>informaci\u00f3n<\/strong> enviando un mensaje al Whatsapp 683 15 01 02 (solo mensaje &#8211; no llamadas)<\/p>\n\n\n\n<p>Divi\u00e9rtete construyendo C\u00fallar Vega en cuadrado.<\/p>\n\n\n\n<figure class=\"wp-block-image size-full\"><img fetchpriority=\"high\" decoding=\"async\" width=\"724\" height=\"1024\" src=\"https:\/\/cullarvega.com\/casa-cultura\/wp-content\/uploads\/2023\/01\/cullar-vega-minetest-724x1024-1.jpg\" alt=\"\" class=\"wp-image-20310\" srcset=\"https:\/\/cullarvega.com\/casa-cultura\/wp-content\/uploads\/2023\/01\/cullar-vega-minetest-724x1024-1.jpg 724w, https:\/\/cullarvega.com\/casa-cultura\/wp-content\/uploads\/2023\/01\/cullar-vega-minetest-724x1024-1-212x300.jpg 212w, https:\/\/cullarvega.com\/casa-cultura\/wp-content\/uploads\/2023\/01\/cullar-vega-minetest-724x1024-1-424x600.jpg 424w, https:\/\/cullarvega.com\/casa-cultura\/wp-content\/uploads\/2023\/01\/cullar-vega-minetest-724x1024-1-396x560.jpg 396w\" sizes=\"(max-width: 724px) 100vw, 724px\" \/><\/figure>\n","protected":false},"excerpt":{"rendered":"<p>Si te gusta #Minecraft este es tu proyecto: buscamos j\u00f3venes que nos ayuden a construir el municipio de C\u00fallar Vega en un mundo \u00fanico en Minetest, en el Centro Vuela Guadalinfo. \u00a1Ya tenemos la Casa de la Cultura, y hemos comenzado a construir el colegio el instituto y algunas de las calles cercanas!. M\u00e1s informaci\u00f3n [&hellip;]<\/p>\n","protected":false},"author":1,"featured_media":20310,"comment_status":"open","ping_status":"open","sticky":false,"template":"","format":"standard","meta":{"footnotes":""},"categories":[43],"tags":[],"class_list":["post-19831","post","type-post","status-publish","format-standard","has-post-thumbnail","hentry","category-punto-vuela"],"_links":{"self":[{"href":"https:\/\/cullarvega.com\/casa-cultura\/wp-json\/wp\/v2\/posts\/19831","targetHints":{"allow":["GET"]}}],"collection":[{"href":"https:\/\/cullarvega.com\/casa-cultura\/wp-json\/wp\/v2\/posts"}],"about":[{"href":"https:\/\/cullarvega.com\/casa-cultura\/wp-json\/wp\/v2\/types\/post"}],"author":[{"embeddable":true,"href":"https:\/\/cullarvega.com\/casa-cultura\/wp-json\/wp\/v2\/users\/1"}],"replies":[{"embeddable":true,"href":"https:\/\/cullarvega.com\/casa-cultura\/wp-json\/wp\/v2\/comments?post=19831"}],"version-history":[{"count":2,"href":"https:\/\/cullarvega.com\/casa-cultura\/wp-json\/wp\/v2\/posts\/19831\/revisions"}],"predecessor-version":[{"id":20311,"href":"https:\/\/cullarvega.com\/casa-cultura\/wp-json\/wp\/v2\/posts\/19831\/revisions\/20311"}],"wp:featuredmedia":[{"embeddable":true,"href":"https:\/\/cullarvega.com\/casa-cultura\/wp-json\/wp\/v2\/media\/20310"}],"wp:attachment":[{"href":"https:\/\/cullarvega.com\/casa-cultura\/wp-json\/wp\/v2\/media?parent=19831"}],"wp:term":[{"taxonomy":"category","embeddable":true,"href":"https:\/\/cullarvega.com\/casa-cultura\/wp-json\/wp\/v2\/categories?post=19831"},{"taxonomy":"post_tag","embeddable":true,"href":"https:\/\/cullarvega.com\/casa-cultura\/wp-json\/wp\/v2\/tags?post=19831"}],"curies":[{"name":"wp","href":"https:\/\/api.w.org\/{rel}","templated":true}]}}