{"id":19772,"date":"2022-10-13T12:50:00","date_gmt":"2022-10-13T10:50:00","guid":{"rendered":"https:\/\/www.cullarvega.com\/?p=19772"},"modified":"2023-01-11T07:23:47","modified_gmt":"2023-01-11T07:23:47","slug":"talleres-libres-de-mecanografia-para-mayores","status":"publish","type":"post","link":"https:\/\/cullarvega.com\/casa-cultura\/talleres-libres-de-mecanografia-para-mayores\/","title":{"rendered":"Talleres Libres de Mecanograf\u00eda para Mayores"},"content":{"rendered":"\n<p>El <strong>Centro Vuela Guadalinfo de C\u00fallar Vega<\/strong> ha establecido unas horas concretas por las ma\u00f1anas para la realizaci\u00f3n de<strong> talleres libres de mecanograf\u00eda<\/strong>, en el que cualquier usuario\/a puede venir y realizar sus ejercicios, siempre con la supervisi\u00f3n y ayuda del agente de innovaci\u00f3n, y eligiendo el horario y d\u00edas establecidos en funci\u00f3n de vuestra disponibilidad.<\/p>\n\n\n\n<p>El <strong>objetivo<\/strong> de estos talleres libres son: mejorar la <strong>agilidad<\/strong> <strong>motriz<\/strong> de las manos; potencia la <strong>agilidad mental<\/strong> al tener que estar concentrados realizando los ejercicios; aumentar la<strong> productividad<\/strong> de las tareas a realizar con un ordenador y adquirir el <strong>h\u00e1bito<\/strong> <strong>correcto<\/strong> para tener m\u00e1s precisi\u00f3n y velocidad en la escritura.<\/p>\n\n\n\n<p>Para ampliar informaci\u00f3n s\u00f3lo ten\u00e9is que enviar un WHASTAPP (no llamada) al 683 15 01 02 y te podr\u00e1s unir a un grupo cerrado en el que te iremos informando del horario y de cualquier otra actividades a realizar.<\/p>\n\n\n\n<figure class=\"wp-block-image size-full\"><img fetchpriority=\"high\" decoding=\"async\" width=\"724\" height=\"1024\" src=\"https:\/\/cullarvega.com\/casa-cultura\/wp-content\/uploads\/2023\/01\/talleres-libres-mecanografia-724x1024-1.jpg\" alt=\"\" class=\"wp-image-20312\" srcset=\"https:\/\/cullarvega.com\/casa-cultura\/wp-content\/uploads\/2023\/01\/talleres-libres-mecanografia-724x1024-1.jpg 724w, https:\/\/cullarvega.com\/casa-cultura\/wp-content\/uploads\/2023\/01\/talleres-libres-mecanografia-724x1024-1-212x300.jpg 212w, https:\/\/cullarvega.com\/casa-cultura\/wp-content\/uploads\/2023\/01\/talleres-libres-mecanografia-724x1024-1-424x600.jpg 424w, https:\/\/cullarvega.com\/casa-cultura\/wp-content\/uploads\/2023\/01\/talleres-libres-mecanografia-724x1024-1-396x560.jpg 396w\" sizes=\"(max-width: 724px) 100vw, 724px\" \/><\/figure>\n","protected":false},"excerpt":{"rendered":"<p>El Centro Vuela Guadalinfo de C\u00fallar Vega ha establecido unas horas concretas por las ma\u00f1anas para la realizaci\u00f3n de talleres libres de mecanograf\u00eda, en el que cualquier usuario\/a puede venir y realizar sus ejercicios, siempre con la supervisi\u00f3n y ayuda del agente de innovaci\u00f3n, y eligiendo el horario y d\u00edas establecidos en funci\u00f3n de vuestra [&hellip;]<\/p>\n","protected":false},"author":1,"featured_media":20312,"comment_status":"open","ping_status":"open","sticky":false,"template":"","format":"standard","meta":{"footnotes":""},"categories":[176,43],"tags":[],"class_list":["post-19772","post","type-post","status-publish","format-standard","has-post-thumbnail","hentry","category-formacion","category-punto-vuela"],"_links":{"self":[{"href":"https:\/\/cullarvega.com\/casa-cultura\/wp-json\/wp\/v2\/posts\/19772","targetHints":{"allow":["GET"]}}],"collection":[{"href":"https:\/\/cullarvega.com\/casa-cultura\/wp-json\/wp\/v2\/posts"}],"about":[{"href":"https:\/\/cullarvega.com\/casa-cultura\/wp-json\/wp\/v2\/types\/post"}],"author":[{"embeddable":true,"href":"https:\/\/cullarvega.com\/casa-cultura\/wp-json\/wp\/v2\/users\/1"}],"replies":[{"embeddable":true,"href":"https:\/\/cullarvega.com\/casa-cultura\/wp-json\/wp\/v2\/comments?post=19772"}],"version-history":[{"count":2,"href":"https:\/\/cullarvega.com\/casa-cultura\/wp-json\/wp\/v2\/posts\/19772\/revisions"}],"predecessor-version":[{"id":20313,"href":"https:\/\/cullarvega.com\/casa-cultura\/wp-json\/wp\/v2\/posts\/19772\/revisions\/20313"}],"wp:featuredmedia":[{"embeddable":true,"href":"https:\/\/cullarvega.com\/casa-cultura\/wp-json\/wp\/v2\/media\/20312"}],"wp:attachment":[{"href":"https:\/\/cullarvega.com\/casa-cultura\/wp-json\/wp\/v2\/media?parent=19772"}],"wp:term":[{"taxonomy":"category","embeddable":true,"href":"https:\/\/cullarvega.com\/casa-cultura\/wp-json\/wp\/v2\/categories?post=19772"},{"taxonomy":"post_tag","embeddable":true,"href":"https:\/\/cullarvega.com\/casa-cultura\/wp-json\/wp\/v2\/tags?post=19772"}],"curies":[{"name":"wp","href":"https:\/\/api.w.org\/{rel}","templated":true}]}}