{"id":19470,"date":"2021-09-02T08:51:46","date_gmt":"2021-09-02T06:51:46","guid":{"rendered":"https:\/\/www.cullarvega.com\/?p=14315"},"modified":"2026-01-28T09:12:31","modified_gmt":"2026-01-28T07:12:31","slug":"abierto-plazo-de-pre-inscripcion-talleres-para-escolares-centro-guadalinfo-de-cullar-vega","status":"publish","type":"post","link":"https:\/\/cullarvega.com\/casa-cultura\/abierto-plazo-de-pre-inscripcion-talleres-para-escolares-centro-guadalinfo-de-cullar-vega\/","title":{"rendered":"Abierto plazo de Pre-inscripci\u00f3n \u00abTalleres para Escolares\u00bb | Centro Guadalinfo de C\u00fallar Vega"},"content":{"rendered":"\n<p>Se abre el plazo de pre-inscripci\u00f3n de los talleres para <strong>ESCOLARES <\/strong>que comenzar\u00e1n a partir de <strong>Oto\u00f1o <\/strong>en el <strong>Centro Guadalinfo de C\u00fallar Vega<\/strong>.<\/p>\n\n\n\n<p>Los talleres van dirigidos a ni\u00f1os\/as de edades comprendidas entre los <strong>9 <\/strong>y los<strong> 16 a\u00f1os.<\/strong> La duraci\u00f3n completa del taller <strong>ser\u00e1 de un trimestre<\/strong>, a 1 sesi\u00f3n por semana y de 45 minutos cada sesi\u00f3n. <\/p>\n\n\n\n<p>El <strong>contenido <\/strong>que se impartir\u00e1 ser\u00e1: mecanograf\u00eda, procesador de textos, presentaciones, b\u00fasqueda \u00f3ptima de informaci\u00f3n por internet, seguridad en redes sociales, creaci\u00f3n de videojuegos, etc\u2026<\/p>\n\n\n\n<p>Para <strong>m\u00e1s informaci\u00f3n <\/strong>y <strong>pre-inscripciones<\/strong> deber\u00e1n pasarse por el <strong><em>Centro Guadalinfo de C\u00fallar Vega (1\u00aa planta de la Casa de la Cultura de C\u00fallar Vega)<\/em><\/strong> del<strong>1 al 17 de septiembre<\/strong> en horario de <strong>martes, mi\u00e9rcoles, jueves y viernes <\/strong> \ud83d\udd34 <em>fuera de este horario estaremos atendiendo a otros usuarios\/as y no podremos darles informaci\u00f3n detallada de los talleres<\/em> \ud83d\udd34<\/p>\n\n\n\n<p>Para el desarrollo de los talleres ser\u00e1 obligatorio el uso de <strong>mascarillas<\/strong>, gel hidroalcoh\u00f3lico en la entrada y estar\u00e1 prohibido comer en el interior. El centro estar\u00e1 permanentemente ventilado, se desinfectar\u00e1n los ordenadores y las sillas y los grupos contar\u00e1n con un aforo limitado de m\u00e1ximo 8 usuarios\/as. <\/p>\n\n\n\n<p> <strong>RECORDAMOS<\/strong>: INFORMACI\u00d3N Y PRE-INSCRIPCIONES DEL 1 AL 17 DE SEPTIEMBRE &gt; MARTES, JUEVES, MI\u00c9RCOLES Y VIERNES de 09 a 11 h. <\/p>\n\n\n\n<figure class=\"wp-block-image size-full\"><img fetchpriority=\"high\" decoding=\"async\" width=\"709\" height=\"1024\" src=\"https:\/\/cullarvega.com\/casa-cultura\/wp-content\/uploads\/2023\/01\/pre-inscripcion-talleres-escolares-709x1024-1.jpg\" alt=\"\" class=\"wp-image-20338\" srcset=\"https:\/\/cullarvega.com\/casa-cultura\/wp-content\/uploads\/2023\/01\/pre-inscripcion-talleres-escolares-709x1024-1.jpg 709w, https:\/\/cullarvega.com\/casa-cultura\/wp-content\/uploads\/2023\/01\/pre-inscripcion-talleres-escolares-709x1024-1-208x300.jpg 208w, https:\/\/cullarvega.com\/casa-cultura\/wp-content\/uploads\/2023\/01\/pre-inscripcion-talleres-escolares-709x1024-1-415x600.jpg 415w, https:\/\/cullarvega.com\/casa-cultura\/wp-content\/uploads\/2023\/01\/pre-inscripcion-talleres-escolares-709x1024-1-388x560.jpg 388w\" sizes=\"(max-width: 709px) 100vw, 709px\" \/><\/figure>\n","protected":false},"excerpt":{"rendered":"<p>Se abre el plazo de pre-inscripci\u00f3n de los talleres para ESCOLARES que comenzar\u00e1n a partir de Oto\u00f1o en el Centro Guadalinfo de C\u00fallar Vega. Los talleres van dirigidos a ni\u00f1os\/as de edades comprendidas entre los 9 y los 16 a\u00f1os. La duraci\u00f3n completa del taller ser\u00e1 de un trimestre, a 1 sesi\u00f3n por semana y [&hellip;]<\/p>\n","protected":false},"author":1,"featured_media":20338,"comment_status":"open","ping_status":"open","sticky":false,"template":"","format":"standard","meta":{"footnotes":""},"categories":[176,43],"tags":[177],"class_list":["post-19470","post","type-post","status-publish","format-standard","has-post-thumbnail","hentry","category-formacion","category-punto-vuela","tag-formacion"],"_links":{"self":[{"href":"https:\/\/cullarvega.com\/casa-cultura\/wp-json\/wp\/v2\/posts\/19470","targetHints":{"allow":["GET"]}}],"collection":[{"href":"https:\/\/cullarvega.com\/casa-cultura\/wp-json\/wp\/v2\/posts"}],"about":[{"href":"https:\/\/cullarvega.com\/casa-cultura\/wp-json\/wp\/v2\/types\/post"}],"author":[{"embeddable":true,"href":"https:\/\/cullarvega.com\/casa-cultura\/wp-json\/wp\/v2\/users\/1"}],"replies":[{"embeddable":true,"href":"https:\/\/cullarvega.com\/casa-cultura\/wp-json\/wp\/v2\/comments?post=19470"}],"version-history":[{"count":3,"href":"https:\/\/cullarvega.com\/casa-cultura\/wp-json\/wp\/v2\/posts\/19470\/revisions"}],"predecessor-version":[{"id":22193,"href":"https:\/\/cullarvega.com\/casa-cultura\/wp-json\/wp\/v2\/posts\/19470\/revisions\/22193"}],"wp:featuredmedia":[{"embeddable":true,"href":"https:\/\/cullarvega.com\/casa-cultura\/wp-json\/wp\/v2\/media\/20338"}],"wp:attachment":[{"href":"https:\/\/cullarvega.com\/casa-cultura\/wp-json\/wp\/v2\/media?parent=19470"}],"wp:term":[{"taxonomy":"category","embeddable":true,"href":"https:\/\/cullarvega.com\/casa-cultura\/wp-json\/wp\/v2\/categories?post=19470"},{"taxonomy":"post_tag","embeddable":true,"href":"https:\/\/cullarvega.com\/casa-cultura\/wp-json\/wp\/v2\/tags?post=19470"}],"curies":[{"name":"wp","href":"https:\/\/api.w.org\/{rel}","templated":true}]}}