{"id":19468,"date":"2021-06-21T18:00:00","date_gmt":"2021-06-21T16:00:00","guid":{"rendered":"https:\/\/www.cullarvega.com\/?p=13846"},"modified":"2026-01-28T09:12:22","modified_gmt":"2026-01-28T07:12:22","slug":"taller-presencial-de-automatizacion-de-tareas-con-ifttt","status":"publish","type":"post","link":"https:\/\/cullarvega.com\/casa-cultura\/taller-presencial-de-automatizacion-de-tareas-con-ifttt\/","title":{"rendered":"Taller presencial de Automatizaci\u00f3n de Tareas con IFTTT"},"content":{"rendered":"\n<h3 class=\"wp-block-heading\"><strong>\u00bfNo conoc\u00e9is la herramienta IFTTT?<\/strong><\/h3>\n\n\n\n<p>Con este <strong>Taller presencial Gratuito <\/strong>organizado entre el Ayuntamiento de C\u00fallar Vega y el Centro Guadalinfo de C\u00fallar Vega aprender\u00e9is a automatizar tareas (m\u00f3vil, redes sociales, notificaciones, email, contactos, etc-..) , optimizando as\u00ed vuestro tiempo y productividad y haciendo m\u00e1s f\u00e1cil vuestro d\u00eda a d\u00eda.<\/p>\n\n\n\n<ul class=\"wp-block-list\">\n<li><strong>D\u00eda<\/strong>: 01 de julio de 2021<\/li>\n\n\n\n<li><strong>Lugar<\/strong>: Centro Guadalinfo de C\u00fallar Vega (Planta Superior \ud83d\udd1d de la Casa de la Cultura de C\u00fallar Vega) Enlace Google Maps: <a href=\"https:\/\/g.page\/centroguadalinfocullarvega\" target=\"_blank\" rel=\"noreferrer noopener\">https:\/\/g.page\/centroguadalinfocullarvega<\/a><\/li>\n\n\n\n<li><strong>Preinscripci\u00f3n<\/strong> <strong>online<\/strong>:&nbsp;<a href=\"https:\/\/forms.gle\/kppMpp5AxMG2EghH6\" target=\"_blank\" rel=\"noreferrer noopener\">https:\/\/forms.gle\/kppMpp5AxMG2EghH6<\/a><\/li>\n\n\n\n<li><strong>+ Info:<\/strong> 683 15 01 02 (WhatsApp)<\/li>\n<\/ul>\n\n\n\n<figure class=\"wp-block-image size-full is-style-default\"><img fetchpriority=\"high\" decoding=\"async\" width=\"709\" height=\"1024\" src=\"https:\/\/cullarvega.com\/casa-cultura\/wp-content\/uploads\/2023\/01\/ifttt-1-julio-709x1024-1.jpg\" alt=\"\" class=\"wp-image-20342\" srcset=\"https:\/\/cullarvega.com\/casa-cultura\/wp-content\/uploads\/2023\/01\/ifttt-1-julio-709x1024-1.jpg 709w, https:\/\/cullarvega.com\/casa-cultura\/wp-content\/uploads\/2023\/01\/ifttt-1-julio-709x1024-1-208x300.jpg 208w, https:\/\/cullarvega.com\/casa-cultura\/wp-content\/uploads\/2023\/01\/ifttt-1-julio-709x1024-1-415x600.jpg 415w, https:\/\/cullarvega.com\/casa-cultura\/wp-content\/uploads\/2023\/01\/ifttt-1-julio-709x1024-1-388x560.jpg 388w\" sizes=\"(max-width: 709px) 100vw, 709px\" \/><\/figure>\n\n\n\n<p>Si quer\u00e9is tener una idea del funcionamiento y utilidad de esta herramienta os recomiendo el siguiente v\u00eddeo: <a href=\"https:\/\/www.youtube.com\/watch?v=85RS1Sz_x38\" target=\"_blank\" rel=\"noreferrer noopener\">https:\/\/www.youtube.com\/watch?v=85RS1Sz_x38<\/a><\/p>\n\n\n\n<figure class=\"wp-block-embed is-type-video is-provider-youtube wp-block-embed-youtube wp-embed-aspect-16-9 wp-has-aspect-ratio\"><div class=\"wp-block-embed__wrapper\">\n<iframe title=\"Tutorial b\u00e1sico de iniciaci\u00f3n en automatizaci\u00f3n con IFTTT (Abril 2020)\" width=\"500\" height=\"281\" src=\"https:\/\/www.youtube.com\/embed\/85RS1Sz_x38?feature=oembed&amp;wmode=opaque\"  allow=\"accelerometer; autoplay; clipboard-write; encrypted-media; gyroscope; picture-in-picture; web-share\" referrerpolicy=\"strict-origin-when-cross-origin\" allowfullscreen><\/iframe>\n<\/div><\/figure>\n","protected":false},"excerpt":{"rendered":"<p>\u00bfNo conoc\u00e9is la herramienta IFTTT? Con este Taller presencial Gratuito organizado entre el Ayuntamiento de C\u00fallar Vega y el Centro Guadalinfo de C\u00fallar Vega aprender\u00e9is a automatizar tareas (m\u00f3vil, redes sociales, notificaciones, email, contactos, etc-..) , optimizando as\u00ed vuestro tiempo y productividad y haciendo m\u00e1s f\u00e1cil vuestro d\u00eda a d\u00eda. Si quer\u00e9is tener una idea [&hellip;]<\/p>\n","protected":false},"author":1,"featured_media":20342,"comment_status":"open","ping_status":"open","sticky":false,"template":"","format":"standard","meta":{"footnotes":""},"categories":[176,43],"tags":[177],"class_list":["post-19468","post","type-post","status-publish","format-standard","has-post-thumbnail","hentry","category-formacion","category-punto-vuela","tag-formacion"],"_links":{"self":[{"href":"https:\/\/cullarvega.com\/casa-cultura\/wp-json\/wp\/v2\/posts\/19468","targetHints":{"allow":["GET"]}}],"collection":[{"href":"https:\/\/cullarvega.com\/casa-cultura\/wp-json\/wp\/v2\/posts"}],"about":[{"href":"https:\/\/cullarvega.com\/casa-cultura\/wp-json\/wp\/v2\/types\/post"}],"author":[{"embeddable":true,"href":"https:\/\/cullarvega.com\/casa-cultura\/wp-json\/wp\/v2\/users\/1"}],"replies":[{"embeddable":true,"href":"https:\/\/cullarvega.com\/casa-cultura\/wp-json\/wp\/v2\/comments?post=19468"}],"version-history":[{"count":3,"href":"https:\/\/cullarvega.com\/casa-cultura\/wp-json\/wp\/v2\/posts\/19468\/revisions"}],"predecessor-version":[{"id":22191,"href":"https:\/\/cullarvega.com\/casa-cultura\/wp-json\/wp\/v2\/posts\/19468\/revisions\/22191"}],"wp:featuredmedia":[{"embeddable":true,"href":"https:\/\/cullarvega.com\/casa-cultura\/wp-json\/wp\/v2\/media\/20342"}],"wp:attachment":[{"href":"https:\/\/cullarvega.com\/casa-cultura\/wp-json\/wp\/v2\/media?parent=19468"}],"wp:term":[{"taxonomy":"category","embeddable":true,"href":"https:\/\/cullarvega.com\/casa-cultura\/wp-json\/wp\/v2\/categories?post=19468"},{"taxonomy":"post_tag","embeddable":true,"href":"https:\/\/cullarvega.com\/casa-cultura\/wp-json\/wp\/v2\/tags?post=19468"}],"curies":[{"name":"wp","href":"https:\/\/api.w.org\/{rel}","templated":true}]}}