{"id":19467,"date":"2017-10-23T09:58:10","date_gmt":"2017-10-23T07:58:10","guid":{"rendered":"http:\/\/www.cullarvega.com\/?p=4087"},"modified":"2026-01-28T09:09:04","modified_gmt":"2026-01-28T07:09:04","slug":"taller-iniciacion-la-robotica-ninosas","status":"publish","type":"post","link":"https:\/\/cullarvega.com\/casa-cultura\/taller-iniciacion-la-robotica-ninosas\/","title":{"rendered":"Taller de Iniciaci\u00f3n a la Rob\u00f3tica para ni\u00f1os\/as"},"content":{"rendered":"\n<h3 class=\"wp-block-heading\">El pr\u00f3ximo <strong>30 de Octubre de 2017<\/strong> tendr\u00e1 lugar un <strong>Taller de Iniciaci\u00f3n a la Rob\u00f3tica con BQ<\/strong> para ni\u00f1os\/as de entre 8 a 12 a\u00f1os de edad.<\/h3>\n\n\n\n<hr class=\"wp-block-separator has-alpha-channel-opacity\"\/>\n\n\n\n<p>La <strong>rob\u00f3tica<\/strong> es una herramienta de aprendizaje: construir su propio robot potenciar\u00e1 la creatividad, la l\u00f3gica visual y la capacidad de trabajo en equipo de los\/as ni\u00f1os\/as. Pero, adem\u00e1s, es la forma m\u00e1s divertida de que se familiaricen con el funcionamiento de la electr\u00f3nica y la programaci\u00f3n. Comprender la tecnolog\u00eda es imprescindible en el mundo actual y es el primer paso para revolucionar el proceso en el que aprenderla: jugando.<\/p>\n\n\n\n<p>El taller ser\u00e1 impartido por la empresa <strong>MINDLAB FORMACI\u00d3N <\/strong>y las&nbsp;<span style=\"color: #ff0000;\"><strong>PLAZAS<\/strong> <\/span>est\u00e1n <span style=\"color: #ff0000;\"><strong>LIMITADAS<\/strong> <\/span>a las<strong> 13 primeras inscripciones<\/strong>: limitaci\u00f3n establecida por el n\u00famero de equipos que disponemos en el centro.<\/p>\n\n\n\n<ul class=\"wp-block-list\">\n<li><strong><b>PLAZAS LIMITADAS<\/b><\/strong><\/li>\n\n\n\n<li><strong>Dirigido a:&nbsp;<\/strong>ni\u00f1os\/as de 8 a 12 a\u00f1os aprox.<\/li>\n\n\n\n<li><b>Fecha<\/b>&nbsp;30 octubre de 2017<\/li>\n\n\n\n<li><strong>Lugar<\/strong>: Centro Guadalinfo de C\u00fallar Vega. Casa de la Cultura<\/li>\n\n\n\n<li><strong>Inscripci\u00f3n:&nbsp;<\/strong><a href=\"https:\/\/docs.google.com\/forms\/d\/e\/1FAIpQLSe7ULZdGir6G_vUVSVc3Gifn6iXtoe8OMWDeLf9K4gZYwmjJQ\/viewform\"><strong>V\u00eda Online<\/strong><\/a><\/li>\n\n\n\n<li><strong>Informaci\u00f3n<\/strong>: Centro Guadalinfo de C\u00fallar Vega &#8211;&nbsp;Casa de la Cultura 2\u00aa planta<\/li>\n<\/ul>\n\n\n<div class=\"wp-block-image\">\n<figure class=\"aligncenter size-large\"><img fetchpriority=\"high\" decoding=\"async\" width=\"1024\" height=\"724\" src=\"https:\/\/cullarvega.com\/casa-cultura\/wp-content\/uploads\/2023\/01\/tallerrobotica-1024x724.jpg\" alt=\"\" class=\"wp-image-20394\" srcset=\"https:\/\/cullarvega.com\/casa-cultura\/wp-content\/uploads\/2023\/01\/tallerrobotica-1024x724.jpg 1024w, https:\/\/cullarvega.com\/casa-cultura\/wp-content\/uploads\/2023\/01\/tallerrobotica-300x212.jpg 300w, https:\/\/cullarvega.com\/casa-cultura\/wp-content\/uploads\/2023\/01\/tallerrobotica-768x543.jpg 768w, https:\/\/cullarvega.com\/casa-cultura\/wp-content\/uploads\/2023\/01\/tallerrobotica-1536x1086.jpg 1536w, https:\/\/cullarvega.com\/casa-cultura\/wp-content\/uploads\/2023\/01\/tallerrobotica-2048x1448.jpg 2048w, https:\/\/cullarvega.com\/casa-cultura\/wp-content\/uploads\/2023\/01\/tallerrobotica-600x424.jpg 600w, https:\/\/cullarvega.com\/casa-cultura\/wp-content\/uploads\/2023\/01\/tallerrobotica-560x396.jpg 560w\" sizes=\"(max-width: 1024px) 100vw, 1024px\" \/><\/figure>\n<\/div>","protected":false},"excerpt":{"rendered":"<p>El pr\u00f3ximo 30 de Octubre de 2017 tendr\u00e1 lugar un Taller de Iniciaci\u00f3n a la Rob\u00f3tica con BQ para ni\u00f1os\/as de entre 8 a 12 a\u00f1os de edad. La rob\u00f3tica es una herramienta de aprendizaje: construir su propio robot potenciar\u00e1 la creatividad, la l\u00f3gica visual y la capacidad de trabajo en equipo de los\/as ni\u00f1os\/as. [&hellip;]<\/p>\n","protected":false},"author":1,"featured_media":20394,"comment_status":"open","ping_status":"open","sticky":false,"template":"","format":"standard","meta":{"footnotes":""},"categories":[43],"tags":[],"class_list":["post-19467","post","type-post","status-publish","format-standard","has-post-thumbnail","hentry","category-punto-vuela"],"_links":{"self":[{"href":"https:\/\/cullarvega.com\/casa-cultura\/wp-json\/wp\/v2\/posts\/19467","targetHints":{"allow":["GET"]}}],"collection":[{"href":"https:\/\/cullarvega.com\/casa-cultura\/wp-json\/wp\/v2\/posts"}],"about":[{"href":"https:\/\/cullarvega.com\/casa-cultura\/wp-json\/wp\/v2\/types\/post"}],"author":[{"embeddable":true,"href":"https:\/\/cullarvega.com\/casa-cultura\/wp-json\/wp\/v2\/users\/1"}],"replies":[{"embeddable":true,"href":"https:\/\/cullarvega.com\/casa-cultura\/wp-json\/wp\/v2\/comments?post=19467"}],"version-history":[{"count":3,"href":"https:\/\/cullarvega.com\/casa-cultura\/wp-json\/wp\/v2\/posts\/19467\/revisions"}],"predecessor-version":[{"id":22174,"href":"https:\/\/cullarvega.com\/casa-cultura\/wp-json\/wp\/v2\/posts\/19467\/revisions\/22174"}],"wp:featuredmedia":[{"embeddable":true,"href":"https:\/\/cullarvega.com\/casa-cultura\/wp-json\/wp\/v2\/media\/20394"}],"wp:attachment":[{"href":"https:\/\/cullarvega.com\/casa-cultura\/wp-json\/wp\/v2\/media?parent=19467"}],"wp:term":[{"taxonomy":"category","embeddable":true,"href":"https:\/\/cullarvega.com\/casa-cultura\/wp-json\/wp\/v2\/categories?post=19467"},{"taxonomy":"post_tag","embeddable":true,"href":"https:\/\/cullarvega.com\/casa-cultura\/wp-json\/wp\/v2\/tags?post=19467"}],"curies":[{"name":"wp","href":"https:\/\/api.w.org\/{rel}","templated":true}]}}