{"id":19265,"date":"2022-09-12T09:00:00","date_gmt":"2022-09-12T07:00:00","guid":{"rendered":"https:\/\/www.cullarvega.com\/?p=19265"},"modified":"2023-01-11T06:16:36","modified_gmt":"2023-01-11T06:16:36","slug":"campeonato-de-construccion-con-minetest","status":"publish","type":"post","link":"https:\/\/cullarvega.com\/casa-cultura\/campeonato-de-construccion-con-minetest\/","title":{"rendered":"I Campeonato de Construcci\u00f3n con Minetest"},"content":{"rendered":"\n<p>Si te gusta el mundo Minecraft participa en el <strong>Primer Campeonato de Construcci\u00f3n con Minetest<\/strong> de <strong>C\u00fallar Vega <\/strong>dentro de la programaci\u00f3n oficial de las <strong>Fiestas de San Miguel 2022<\/strong>.<\/p>\n\n\n\n<p><strong> 1.- REGLAS<\/strong>:<\/p>\n\n\n\n<p><strong>a) Campeonato de construcci\u00f3n a contrarreloj <\/strong>de edificios dentro de un mundo <strong>Minetest<\/strong>. Cada participante construir\u00e1 una versi\u00f3n de un edificio concreto en un tiempo especificado. El dise\u00f1o ser\u00e1 libre pero siempre<strong> manteniendo similitud y coherencia <\/strong>con el modelo indicado, siendo \u00e9ste motivo de descalificaci\u00f3n.<\/p>\n\n\n\n<p><strong>b) <\/strong>Podr\u00e1n participar <strong>personas de cualquier edad <\/strong>con conocimientos previos para poder competir.<\/p>\n\n\n\n<p><strong>c) <\/strong>La participaci\u00f3n es <strong>presencial<\/strong> y se desarrollar\u00e1 en los ordenadores del <strong>Centro Guadalinfo de C\u00fallar Vega<\/strong> que cuenta con el juego <strong>Minetest<\/strong> ya instalado en red.<\/p>\n\n\n\n<p><strong>d) <\/strong>Durante el juego estar\u00e1n <strong>prohibidas<\/strong> las <strong>interferencias<\/strong> en las construcciones de los dem\u00e1s participantes, siendo esto motivo de eliminaci\u00f3n directa del campeonato. <\/p>\n\n\n\n<p><strong>e) <\/strong>Las construcciones tienen que ser superficiales y no se valorar\u00e1n aquellas partes construidas en el subsuelo.<\/p>\n\n\n\n<p>&#8212;-<\/p>\n\n\n\n<p><strong>2.- FASES: <\/strong><\/p>\n\n\n\n<p><strong>a) Inscripci\u00f3n del 12 al 18 de septiembre<\/strong>:  los interesados\/as deber\u00e1n cumplimentar el siguiente formulario de inscripci\u00f3n: <a href=\"https:\/\/docs.google.com\/forms\/d\/e\/1FAIpQLSfAYAAgq8ys9g_ZUtriFYhHP3u4mPTRJ46ojC2IBsH0Go3Iyw\/viewform\" target=\"_blank\" rel=\"noreferrer noopener\">https:\/\/docs.google.com\/forms\/d\/e\/1FAIpQLSfAYAAgq8ys9g_ZUtriFYhHP3u4mPTRJ46ojC2IBsH0Go3Iyw\/viewform<\/a> La cumplimentaci\u00f3n de datos falsos ser\u00e1 motivo de rechazo de la inscripci\u00f3n. En caso necesario de comprobaci\u00f3n de datos nos pondremos en contacto por los medios facilitados en el formulario. La inscripci\u00f3n de menores de edad deber\u00e1n realizarla los padres, madres o tutor@s. <\/p>\n\n\n\n<p><strong>b) Ronda Clasificatoria<\/strong>: del 20 al 22 de septiembre en horario de tarde se desarrollar\u00e1 la fase clasificatoria. Los grupos y horarios se organizar\u00e1n en funci\u00f3n del n\u00famero de inscritos, avisando con tiempo suficiente por whatsapp o email del d\u00eda y hora de competici\u00f3n.<\/p>\n\n\n\n<p><strong>c) Ronda Final: <\/strong>el 27 de septiembre a las 18 h tendr\u00e1 lugar la final con los mejores clasificados de la ronda clasificatoria.<\/p>\n\n\n\n<p>&#8212;-<\/p>\n\n\n\n<p><strong>3.- VALORACI\u00d3N Y PUNTUACI\u00d3N<\/strong>: se valorar\u00e1n las construcciones seg\u00fan los siguientes criterios y considerando cada bloque con el valor de 1 metro.<\/p>\n\n\n\n<p>&#8211; <strong>Altura<\/strong>: 1 punto por cada metro alcanzado<\/p>\n\n\n\n<p><strong>&#8211; Habitaciones<\/strong>: 2 puntos por <strong>habitaci\u00f3n<\/strong> (m\u00ednimo 3 paredes, techo y suelo) | 3 puntos por <strong>habitaci\u00f3n<\/strong> <strong>decorada<\/strong> (cualquier elemento decorativo sin contar iluminaci\u00f3n; ej: ventanas, mobiliario, vegetaci\u00f3n, piscinas interiores, etc..) | 1 punto por <strong>habitaci\u00f3n<\/strong> <strong>iluminada<\/strong> (no cuentan ventanas, puertas ni aberturas)<\/p>\n\n\n\n<p><strong>&#8211; Acondicionamiento<\/strong> <strong>exterior<\/strong>: 3 puntos por <strong>jard\u00edn<\/strong> (solo se contabilizar\u00e1 un jard\u00edn si dispone de un m\u00ednimo de 9&#215;9 con \u00e1rboles, plantas o flores en su totalidad, sin bloques vac\u00edos) | 2 puntos por cada <strong>piscina<\/strong> o <strong>estanque<\/strong> <strong>exterior <\/strong>(m\u00ednimo de 6&#215;6) | 1 punto por cada <strong>10<\/strong> <strong>metros<\/strong> lineales de camino exterior.<\/p>\n\n\n\n<p>En caso de empate se valorar\u00e1 primero la construcci\u00f3n <strong>m\u00e1s alta<\/strong>, segundo la construcci\u00f3n con <strong>m\u00e1s habitaciones<\/strong> y por \u00faltimo la construcci\u00f3n con m\u00e1s <strong>habitaciones decoradas.<\/strong><\/p>\n\n\n\n<p>&#8212;-<\/p>\n\n\n\n<p><strong>4.- PREMIOS:<\/strong> 1er clasificado: Tablet | 2\u00ba clasificado: altavoz inteligente | 3er clasificado: auriculares inal\u00e1mbricos.<\/p>\n\n\n\n<p>&#8212;-<\/p>\n\n\n\n<p>M\u00e1s informaci\u00f3n en el <strong>whatsapp 683 15 01 02<\/strong> o en el email <a href=\"mailto:guadalinfo.cullarvega@guadalinfo.es\">guadalinfo.cullarvega@guadalinfo.es<\/a><\/p>\n\n\n\n<figure class=\"wp-block-image size-full\"><img fetchpriority=\"high\" decoding=\"async\" width=\"709\" height=\"1024\" src=\"https:\/\/cullarvega.com\/casa-cultura\/wp-content\/uploads\/2023\/01\/campeonato-minetest-709x1024-1.jpg\" alt=\"\" class=\"wp-image-20314\" srcset=\"https:\/\/cullarvega.com\/casa-cultura\/wp-content\/uploads\/2023\/01\/campeonato-minetest-709x1024-1.jpg 709w, https:\/\/cullarvega.com\/casa-cultura\/wp-content\/uploads\/2023\/01\/campeonato-minetest-709x1024-1-208x300.jpg 208w, https:\/\/cullarvega.com\/casa-cultura\/wp-content\/uploads\/2023\/01\/campeonato-minetest-709x1024-1-415x600.jpg 415w, https:\/\/cullarvega.com\/casa-cultura\/wp-content\/uploads\/2023\/01\/campeonato-minetest-709x1024-1-388x560.jpg 388w\" sizes=\"(max-width: 709px) 100vw, 709px\" \/><\/figure>\n","protected":false},"excerpt":{"rendered":"<p>Si te gusta el mundo Minecraft participa en el Primer Campeonato de Construcci\u00f3n con Minetest de C\u00fallar Vega dentro de la programaci\u00f3n oficial de las Fiestas de San Miguel 2022. 1.- REGLAS: a) Campeonato de construcci\u00f3n a contrarreloj de edificios dentro de un mundo Minetest. Cada participante construir\u00e1 una versi\u00f3n de un edificio concreto en [&hellip;]<\/p>\n","protected":false},"author":1,"featured_media":20314,"comment_status":"open","ping_status":"open","sticky":false,"template":"","format":"standard","meta":{"footnotes":""},"categories":[43],"tags":[172,173,174],"class_list":["post-19265","post","type-post","status-publish","format-standard","has-post-thumbnail","hentry","category-punto-vuela","tag-juegos","tag-juventud","tag-minecraft"],"_links":{"self":[{"href":"https:\/\/cullarvega.com\/casa-cultura\/wp-json\/wp\/v2\/posts\/19265","targetHints":{"allow":["GET"]}}],"collection":[{"href":"https:\/\/cullarvega.com\/casa-cultura\/wp-json\/wp\/v2\/posts"}],"about":[{"href":"https:\/\/cullarvega.com\/casa-cultura\/wp-json\/wp\/v2\/types\/post"}],"author":[{"embeddable":true,"href":"https:\/\/cullarvega.com\/casa-cultura\/wp-json\/wp\/v2\/users\/1"}],"replies":[{"embeddable":true,"href":"https:\/\/cullarvega.com\/casa-cultura\/wp-json\/wp\/v2\/comments?post=19265"}],"version-history":[{"count":2,"href":"https:\/\/cullarvega.com\/casa-cultura\/wp-json\/wp\/v2\/posts\/19265\/revisions"}],"predecessor-version":[{"id":20315,"href":"https:\/\/cullarvega.com\/casa-cultura\/wp-json\/wp\/v2\/posts\/19265\/revisions\/20315"}],"wp:featuredmedia":[{"embeddable":true,"href":"https:\/\/cullarvega.com\/casa-cultura\/wp-json\/wp\/v2\/media\/20314"}],"wp:attachment":[{"href":"https:\/\/cullarvega.com\/casa-cultura\/wp-json\/wp\/v2\/media?parent=19265"}],"wp:term":[{"taxonomy":"category","embeddable":true,"href":"https:\/\/cullarvega.com\/casa-cultura\/wp-json\/wp\/v2\/categories?post=19265"},{"taxonomy":"post_tag","embeddable":true,"href":"https:\/\/cullarvega.com\/casa-cultura\/wp-json\/wp\/v2\/tags?post=19265"}],"curies":[{"name":"wp","href":"https:\/\/api.w.org\/{rel}","templated":true}]}}