{"id":18035,"date":"2022-05-19T09:30:47","date_gmt":"2022-05-19T09:30:47","guid":{"rendered":"https:\/\/www.cullarvega.com\/?p=18035"},"modified":"2026-01-28T09:12:28","modified_gmt":"2026-01-28T07:12:28","slug":"taller-de-uso-de-google-lens-proyecto-descubrelavega","status":"publish","type":"post","link":"https:\/\/cullarvega.com\/casa-cultura\/taller-de-uso-de-google-lens-proyecto-descubrelavega\/","title":{"rendered":"Taller de \u00abUso de Google Lens\u00bb proyecto #DescubreLaVega"},"content":{"rendered":"\n<p>Explora y descubre todo el mundo que te rodea con la aplicaci\u00f3n <strong>GOOGLE LENS<\/strong>. Aprenderemos a escanear documentos y c\u00f3digos QR, traducir textos, identificar plantas y animales y buscar informaci\u00f3n de nuestro alrededor.<\/p>\n\n\n\n<p><strong>D\u00eda<\/strong>: 25 de mayo de 2022<br><strong>Plazas Limitadas<\/strong><br><strong>Lugar<\/strong>: Centro Guadalinfo de C\u00fallar Vega (Planta Superior \ud83d\udd1d de la Casa de la Cultura de C\u00fallar Vega) <br><strong>Preinscripci\u00f3n<\/strong> <strong>online<\/strong>: <a href=\"https:\/\/forms.gle\/A2TtERZsW8Wszcvh7\" target=\"_blank\" rel=\"noreferrer noopener\">https:\/\/forms.gle\/A2TtERZsW8Wszcvh7<\/a><br><strong>Informaci\u00f3n:<\/strong> WhatsApp 683 15 01 02<\/p>\n\n\n\n<figure class=\"wp-block-image size-full\"><img fetchpriority=\"high\" decoding=\"async\" width=\"709\" height=\"1024\" src=\"https:\/\/cullarvega.com\/casa-cultura\/wp-content\/uploads\/2023\/01\/taller-google-lens-709x1024-1.jpg\" alt=\"\" class=\"wp-image-20316\" srcset=\"https:\/\/cullarvega.com\/casa-cultura\/wp-content\/uploads\/2023\/01\/taller-google-lens-709x1024-1.jpg 709w, https:\/\/cullarvega.com\/casa-cultura\/wp-content\/uploads\/2023\/01\/taller-google-lens-709x1024-1-208x300.jpg 208w, https:\/\/cullarvega.com\/casa-cultura\/wp-content\/uploads\/2023\/01\/taller-google-lens-709x1024-1-415x600.jpg 415w, https:\/\/cullarvega.com\/casa-cultura\/wp-content\/uploads\/2023\/01\/taller-google-lens-709x1024-1-388x560.jpg 388w\" sizes=\"(max-width: 709px) 100vw, 709px\" \/><\/figure>\n","protected":false},"excerpt":{"rendered":"<p>Explora y descubre todo el mundo que te rodea con la aplicaci\u00f3n GOOGLE LENS. Aprenderemos a escanear documentos y c\u00f3digos QR, traducir textos, identificar plantas y animales y buscar informaci\u00f3n de nuestro alrededor. D\u00eda: 25 de mayo de 2022Plazas LimitadasLugar: Centro Guadalinfo de C\u00fallar Vega (Planta Superior \ud83d\udd1d de la Casa de la Cultura de [&hellip;]<\/p>\n","protected":false},"author":1,"featured_media":20316,"comment_status":"open","ping_status":"open","sticky":false,"template":"","format":"standard","meta":{"footnotes":""},"categories":[176,43],"tags":[177],"class_list":["post-18035","post","type-post","status-publish","format-standard","has-post-thumbnail","hentry","category-formacion","category-punto-vuela","tag-formacion"],"_links":{"self":[{"href":"https:\/\/cullarvega.com\/casa-cultura\/wp-json\/wp\/v2\/posts\/18035","targetHints":{"allow":["GET"]}}],"collection":[{"href":"https:\/\/cullarvega.com\/casa-cultura\/wp-json\/wp\/v2\/posts"}],"about":[{"href":"https:\/\/cullarvega.com\/casa-cultura\/wp-json\/wp\/v2\/types\/post"}],"author":[{"embeddable":true,"href":"https:\/\/cullarvega.com\/casa-cultura\/wp-json\/wp\/v2\/users\/1"}],"replies":[{"embeddable":true,"href":"https:\/\/cullarvega.com\/casa-cultura\/wp-json\/wp\/v2\/comments?post=18035"}],"version-history":[{"count":3,"href":"https:\/\/cullarvega.com\/casa-cultura\/wp-json\/wp\/v2\/posts\/18035\/revisions"}],"predecessor-version":[{"id":22197,"href":"https:\/\/cullarvega.com\/casa-cultura\/wp-json\/wp\/v2\/posts\/18035\/revisions\/22197"}],"wp:featuredmedia":[{"embeddable":true,"href":"https:\/\/cullarvega.com\/casa-cultura\/wp-json\/wp\/v2\/media\/20316"}],"wp:attachment":[{"href":"https:\/\/cullarvega.com\/casa-cultura\/wp-json\/wp\/v2\/media?parent=18035"}],"wp:term":[{"taxonomy":"category","embeddable":true,"href":"https:\/\/cullarvega.com\/casa-cultura\/wp-json\/wp\/v2\/categories?post=18035"},{"taxonomy":"post_tag","embeddable":true,"href":"https:\/\/cullarvega.com\/casa-cultura\/wp-json\/wp\/v2\/tags?post=18035"}],"curies":[{"name":"wp","href":"https:\/\/api.w.org\/{rel}","templated":true}]}}