{"id":17840,"date":"2022-05-02T09:00:00","date_gmt":"2022-05-02T07:00:00","guid":{"rendered":"https:\/\/www.cullarvega.com\/?p=17840"},"modified":"2023-01-11T06:17:39","modified_gmt":"2023-01-11T06:17:39","slug":"jueves-5-de-mayo-primera-ruta-senderista-del-proyecto-descubrelavega","status":"publish","type":"post","link":"https:\/\/cullarvega.com\/casa-cultura\/jueves-5-de-mayo-primera-ruta-senderista-del-proyecto-descubrelavega\/","title":{"rendered":"Jueves 5 de mayo primera Ruta Senderista del proyecto #DescubreLaVega"},"content":{"rendered":"\n<p>El jueves 5 de mayo tendr\u00e1 lugar la primera <strong>Salida Senderista <\/strong>del proyecto Descubre La Vega, una iniciativa que pretende fomentar y poner en valor nuestro entorno desde la SALUD y las Nuevas Tecnolog\u00edas (TICs).<\/p>\n\n\n\n<p>La ruta, denominada <strong>Q\u00fcllar<\/strong>, es <strong>circular<\/strong> y discurre por los municipios de<strong> C\u00fallar Vega, Belicena y Ambroz<\/strong>; tiene una longitud de <strong>7,6 km<\/strong> y se realizar\u00e1n numer osas paradas para tomar fotograf\u00edas y usar los c\u00f3digos QR para obtener m\u00e1s informaci\u00f3n de los puntos de inter\u00e9s por los que pasemos.<\/p>\n\n\n\n<p>Los puntos de inter\u00e9s por los que pasaremos son: Cortijo Casablanca, Cortijo San Ant\u00f3n, Ermita de los Marqueses de las Torres de Or\u00e1n, Iglesia de N\u00aa S\u00aa de los Remedios de Ambroz, Parroquia N\u00aa S\u00aa de la Asunci\u00f3n de C\u00fallar Vega,  Aljibe y Piedras de Molino Romanas. Para participar tienes que cumplimentar el siguiente formulario online: <a href=\"https:\/\/forms.gle\/9bzYhHM1jL4RLUBs5\" target=\"_blank\" rel=\"noreferrer noopener\">https:\/\/forms.gle\/9bzYhHM1jL4RLUBs5<\/a> <\/p>\n\n\n\n<div style=\"height:57px\" aria-hidden=\"true\" class=\"wp-block-spacer\"><\/div>\n\n\n\n<div class=\"wp-block-buttons alignwide is-content-justification-center is-layout-flex wp-container-core-buttons-is-layout-16018d1d wp-block-buttons-is-layout-flex\">\n<div class=\"wp-block-button is-style-outline is-style-outline--1\"><a class=\"wp-block-button__link wp-element-button\" href=\"https:\/\/www.google.es\/maps\/dir\/Centro+Guadalinfo+C%C3%BAllar+Vega\/Urb.+Bpp7,+139\/Cam.+de+San+Ant%C3%B3n,+Granada\/Cortijo+San+Anton+1\/Antigua+Ermita+De+Ntra.+Sra.+De+Los+Remedios\/Iglesia+de+Nuestra+Se%C3%B1ora+de+los+Remedios\/Cmo.+de+Granada,+C%C3%BAllar+Vega,+Granada\/Parroquia+Nuestra+Se%C3%B1ora+de+la+Asunci%C3%B3n\/Pl.+de+la+Constituci%C3%B3n,+13\/Centro+Guadalinfo+C%C3%BAllar+Vega,+Casa+de+la+Cultura,+Paseo+Geronimo+de+Rueda,+C%C3%BAllar+Vega\/@37.1719186,-3.6925374,12z\/data=!4m62!4m61!1m5!1m1!1s0xd71feb384ef1e31:0x952a4aa9b9525d73!2m2!1d-3.6767897!2d37.1579259!1m5!1m1!1s0xd71fec434598517:0xb949d184ee10d5c8!2m2!1d-3.6887424!2d37.1679325!1m5!1m1!1s0xd71feb9ef60755f:0xec79b05ac9884508!2m2!1d-3.6770545!2d37.1660539!1m5!1m1!1s0xd71feba653aef8f:0xfdf0efd4181cd59f!2m2!1d-3.6755242!2d37.1661602!1m5!1m1!1s0xd71fea8c4e942df:0xb412a413a39200bd!2m2!1d-3.6664793!2d37.1636528!1m5!1m1!1s0xd71fea8c314ca6d:0xd62a910a236d34c0!2m2!1d-3.6617184!2d37.1636018!1m5!1m1!1s0xd71f95372574e43:0x44900206c1e0f687!2m2!1d-3.6639709!2d37.1540961!1m5!1m1!1s0xd71f9529a10873f:0xabf142d5d572fcc2!2m2!1d-3.671912!2d37.15351!1m5!1m1!1s0xd71f952820eeab3:0x3c8c2e07c239007d!2m2!1d-3.6726328!2d37.153112!1m5!1m1!1s0xd71feb384ef1e31:0x952a4aa9b9525d73!2m2!1d-3.6767897!2d37.1579259!3e2?hl=es\" target=\"_blank\" rel=\"noreferrer noopener\">Activar Navegaci\u00f3n Google Maps<\/a><\/div>\n<\/div>\n\n\n\n<div style=\"height:57px\" aria-hidden=\"true\" class=\"wp-block-spacer\"><\/div>\n\n\n\n<p><strong>D\u00eda<\/strong>: 05 de mayo de 2022<br><strong>Salida: <\/strong>Centro Guadalinfo de C\u00fallar Vega (Planta Superior \ud83d\udd1d de la Casa de la Cultura de C\u00fallar Vega)<br><strong>Horario<\/strong> <strong>Salida<\/strong>: 17 h aprox.<em> (la hora exacta ser\u00e1 enviada por whastapp a cada uno de los participantes y podr\u00e1 variar en funci\u00f3n de la previsi\u00f3n del tiempo)<\/em><br><strong>Inscripci\u00f3n<\/strong> <strong>online<\/strong>: <a href=\"https:\/\/forms.gle\/xnGumyXWxuvgkfmt9\" target=\"_blank\" rel=\"noreferrer noopener\">https:\/\/forms.gle\/xnGumyXWxuvgkfmt9<\/a><br><strong>Informaci\u00f3n:<\/strong> WhatsApp 683 15 01 02<\/p>\n\n\n\n<div style=\"height:57px\" aria-hidden=\"true\" class=\"wp-block-spacer\"><\/div>\n\n\n\n<figure class=\"wp-block-image size-full\"><img fetchpriority=\"high\" decoding=\"async\" width=\"709\" height=\"1024\" src=\"https:\/\/cullarvega.com\/casa-cultura\/wp-content\/uploads\/2023\/01\/ruta-qullar-709x1024-1.jpg\" alt=\"\" class=\"wp-image-20318\" srcset=\"https:\/\/cullarvega.com\/casa-cultura\/wp-content\/uploads\/2023\/01\/ruta-qullar-709x1024-1.jpg 709w, https:\/\/cullarvega.com\/casa-cultura\/wp-content\/uploads\/2023\/01\/ruta-qullar-709x1024-1-208x300.jpg 208w, https:\/\/cullarvega.com\/casa-cultura\/wp-content\/uploads\/2023\/01\/ruta-qullar-709x1024-1-415x600.jpg 415w, https:\/\/cullarvega.com\/casa-cultura\/wp-content\/uploads\/2023\/01\/ruta-qullar-709x1024-1-388x560.jpg 388w\" sizes=\"(max-width: 709px) 100vw, 709px\" \/><\/figure>\n","protected":false},"excerpt":{"rendered":"<p>El jueves 5 de mayo tendr\u00e1 lugar la primera Salida Senderista del proyecto Descubre La Vega, una iniciativa que pretende fomentar y poner en valor nuestro entorno desde la SALUD y las Nuevas Tecnolog\u00edas (TICs). La ruta, denominada Q\u00fcllar, es circular y discurre por los municipios de C\u00fallar Vega, Belicena y Ambroz; tiene una longitud [&hellip;]<\/p>\n","protected":false},"author":1,"featured_media":20318,"comment_status":"open","ping_status":"open","sticky":false,"template":"","format":"standard","meta":{"footnotes":""},"categories":[43],"tags":[],"class_list":["post-17840","post","type-post","status-publish","format-standard","has-post-thumbnail","hentry","category-punto-vuela"],"_links":{"self":[{"href":"https:\/\/cullarvega.com\/casa-cultura\/wp-json\/wp\/v2\/posts\/17840","targetHints":{"allow":["GET"]}}],"collection":[{"href":"https:\/\/cullarvega.com\/casa-cultura\/wp-json\/wp\/v2\/posts"}],"about":[{"href":"https:\/\/cullarvega.com\/casa-cultura\/wp-json\/wp\/v2\/types\/post"}],"author":[{"embeddable":true,"href":"https:\/\/cullarvega.com\/casa-cultura\/wp-json\/wp\/v2\/users\/1"}],"replies":[{"embeddable":true,"href":"https:\/\/cullarvega.com\/casa-cultura\/wp-json\/wp\/v2\/comments?post=17840"}],"version-history":[{"count":2,"href":"https:\/\/cullarvega.com\/casa-cultura\/wp-json\/wp\/v2\/posts\/17840\/revisions"}],"predecessor-version":[{"id":20319,"href":"https:\/\/cullarvega.com\/casa-cultura\/wp-json\/wp\/v2\/posts\/17840\/revisions\/20319"}],"wp:featuredmedia":[{"embeddable":true,"href":"https:\/\/cullarvega.com\/casa-cultura\/wp-json\/wp\/v2\/media\/20318"}],"wp:attachment":[{"href":"https:\/\/cullarvega.com\/casa-cultura\/wp-json\/wp\/v2\/media?parent=17840"}],"wp:term":[{"taxonomy":"category","embeddable":true,"href":"https:\/\/cullarvega.com\/casa-cultura\/wp-json\/wp\/v2\/categories?post=17840"},{"taxonomy":"post_tag","embeddable":true,"href":"https:\/\/cullarvega.com\/casa-cultura\/wp-json\/wp\/v2\/tags?post=17840"}],"curies":[{"name":"wp","href":"https:\/\/api.w.org\/{rel}","templated":true}]}}