{"id":17835,"date":"2022-04-29T08:10:00","date_gmt":"2022-04-29T06:10:00","guid":{"rendered":"https:\/\/www.cullarvega.com\/?p=17835"},"modified":"2026-01-28T09:12:38","modified_gmt":"2026-01-28T07:12:38","slug":"taller-de-uso-de-codigos-qr-dentro-del-proyecto-descubrelavega","status":"publish","type":"post","link":"https:\/\/cullarvega.com\/casa-cultura\/taller-de-uso-de-codigos-qr-dentro-del-proyecto-descubrelavega\/","title":{"rendered":"Taller de \u00abUso de C\u00f3digos QR\u00bb dentro del proyecto #DescubreLaVega"},"content":{"rendered":"\n<p>Dentro del proyecto #<strong>DescubrelaVega<\/strong> se va a realizar un <strong>taller <\/strong>donde aprenderemos a usar los<strong> c\u00f3digos QR<\/strong> y sus conceptos fundamentales, descargaremos la aplicaci\u00f3n de lectura en nuestros smartphones y realizaremos una <strong>Gymkana digital <\/strong>por el municipio de C\u00fallar Vega como parte pr\u00e1ctica del taller.<\/p>\n\n\n\n<ul class=\"wp-block-list\">\n<li><strong>D\u00eda<\/strong>: 04 de mayo de 2022<\/li>\n\n\n\n<li><strong>Plazas Limitadas<\/strong><\/li>\n\n\n\n<li><strong>Lugar<\/strong>: Centro Guadalinfo de C\u00fallar Vega (Planta Superior \ud83d\udd1d de la Casa de la Cultura de C\u00fallar Vega) <\/li>\n\n\n\n<li><strong>Preinscripci\u00f3n<\/strong> <strong>online<\/strong>: <a href=\"https:\/\/forms.gle\/xnGumyXWxuvgkfmt9\" target=\"_blank\" rel=\"noreferrer noopener\">https:\/\/forms.gle\/xnGumyXWxuvgkfmt9<\/a><\/li>\n\n\n\n<li><strong>Informaci\u00f3n:<\/strong> WhatsApp 683 15 01 02<\/li>\n<\/ul>\n\n\n\n<figure class=\"wp-block-image size-full\"><img fetchpriority=\"high\" decoding=\"async\" width=\"709\" height=\"1024\" src=\"https:\/\/cullarvega.com\/casa-cultura\/wp-content\/uploads\/2023\/01\/carteleria-descubre-la-vega-709x1024-1.jpg\" alt=\"\" class=\"wp-image-20320\" srcset=\"https:\/\/cullarvega.com\/casa-cultura\/wp-content\/uploads\/2023\/01\/carteleria-descubre-la-vega-709x1024-1.jpg 709w, https:\/\/cullarvega.com\/casa-cultura\/wp-content\/uploads\/2023\/01\/carteleria-descubre-la-vega-709x1024-1-208x300.jpg 208w, https:\/\/cullarvega.com\/casa-cultura\/wp-content\/uploads\/2023\/01\/carteleria-descubre-la-vega-709x1024-1-415x600.jpg 415w, https:\/\/cullarvega.com\/casa-cultura\/wp-content\/uploads\/2023\/01\/carteleria-descubre-la-vega-709x1024-1-388x560.jpg 388w\" sizes=\"(max-width: 709px) 100vw, 709px\" \/><\/figure>\n","protected":false},"excerpt":{"rendered":"<p>Dentro del proyecto #DescubrelaVega se va a realizar un taller donde aprenderemos a usar los c\u00f3digos QR y sus conceptos fundamentales, descargaremos la aplicaci\u00f3n de lectura en nuestros smartphones y realizaremos una Gymkana digital por el municipio de C\u00fallar Vega como parte pr\u00e1ctica del taller.<\/p>\n","protected":false},"author":1,"featured_media":20320,"comment_status":"open","ping_status":"open","sticky":false,"template":"","format":"standard","meta":{"footnotes":""},"categories":[176,43],"tags":[177],"class_list":["post-17835","post","type-post","status-publish","format-standard","has-post-thumbnail","hentry","category-formacion","category-punto-vuela","tag-formacion"],"_links":{"self":[{"href":"https:\/\/cullarvega.com\/casa-cultura\/wp-json\/wp\/v2\/posts\/17835","targetHints":{"allow":["GET"]}}],"collection":[{"href":"https:\/\/cullarvega.com\/casa-cultura\/wp-json\/wp\/v2\/posts"}],"about":[{"href":"https:\/\/cullarvega.com\/casa-cultura\/wp-json\/wp\/v2\/types\/post"}],"author":[{"embeddable":true,"href":"https:\/\/cullarvega.com\/casa-cultura\/wp-json\/wp\/v2\/users\/1"}],"replies":[{"embeddable":true,"href":"https:\/\/cullarvega.com\/casa-cultura\/wp-json\/wp\/v2\/comments?post=17835"}],"version-history":[{"count":3,"href":"https:\/\/cullarvega.com\/casa-cultura\/wp-json\/wp\/v2\/posts\/17835\/revisions"}],"predecessor-version":[{"id":22196,"href":"https:\/\/cullarvega.com\/casa-cultura\/wp-json\/wp\/v2\/posts\/17835\/revisions\/22196"}],"wp:featuredmedia":[{"embeddable":true,"href":"https:\/\/cullarvega.com\/casa-cultura\/wp-json\/wp\/v2\/media\/20320"}],"wp:attachment":[{"href":"https:\/\/cullarvega.com\/casa-cultura\/wp-json\/wp\/v2\/media?parent=17835"}],"wp:term":[{"taxonomy":"category","embeddable":true,"href":"https:\/\/cullarvega.com\/casa-cultura\/wp-json\/wp\/v2\/categories?post=17835"},{"taxonomy":"post_tag","embeddable":true,"href":"https:\/\/cullarvega.com\/casa-cultura\/wp-json\/wp\/v2\/tags?post=17835"}],"curies":[{"name":"wp","href":"https:\/\/api.w.org\/{rel}","templated":true}]}}