{"id":17802,"date":"2022-04-27T11:00:51","date_gmt":"2022-04-27T09:00:51","guid":{"rendered":"https:\/\/www.cullarvega.com\/?p=17802"},"modified":"2023-01-11T06:18:55","modified_gmt":"2023-01-11T06:18:55","slug":"charla-informativa-sobre-control-parental","status":"publish","type":"post","link":"https:\/\/cullarvega.com\/casa-cultura\/charla-informativa-sobre-control-parental\/","title":{"rendered":"Charla informativa sobre \u00abControl Parental\u00bb"},"content":{"rendered":"\n<p>Dentro del programa <strong>EDUCAR CON CONCIENCIA<\/strong>, se va a realizar una interesante charla para conocer los motivos del porqu\u00e9 es necesario tener instalado un <strong>CONTROL PARENTAL <\/strong>para un buen uso de las tecnolog\u00edas de nuestros hij@s y aprenderemos a usar la aplicaci\u00f3n Google Family Link.<\/p>\n\n\n\n<p>Tendr\u00e1 lugar el jueves <strong>19 de mayo de 2022<\/strong> a las 10:30 h en el <strong>Centro Guadalinfo de C\u00fallar Vega.<\/strong><\/p>\n\n\n\n<figure class=\"wp-block-image size-full\"><img fetchpriority=\"high\" decoding=\"async\" width=\"732\" height=\"1024\" src=\"https:\/\/cullarvega.com\/casa-cultura\/wp-content\/uploads\/2022\/04\/control-parental-732x1024-1.jpeg\" alt=\"\" class=\"wp-image-20323\" srcset=\"https:\/\/cullarvega.com\/casa-cultura\/wp-content\/uploads\/2022\/04\/control-parental-732x1024-1.jpeg 732w, https:\/\/cullarvega.com\/casa-cultura\/wp-content\/uploads\/2022\/04\/control-parental-732x1024-1-214x300.jpeg 214w, https:\/\/cullarvega.com\/casa-cultura\/wp-content\/uploads\/2022\/04\/control-parental-732x1024-1-429x600.jpeg 429w, https:\/\/cullarvega.com\/casa-cultura\/wp-content\/uploads\/2022\/04\/control-parental-732x1024-1-400x560.jpeg 400w\" sizes=\"(max-width: 732px) 100vw, 732px\" \/><\/figure>\n\n\n\n<p> <\/p>\n","protected":false},"excerpt":{"rendered":"<p>Dentro del programa EDUCAR CON CONCIENCIA, se va a realizar una interesante charla para conocer los motivos del porqu\u00e9 es necesario tener instalado un CONTROL PARENTAL para un buen uso de las tecnolog\u00edas de nuestros hij@s y aprenderemos a usar la aplicaci\u00f3n Google Family Link. Tendr\u00e1 lugar el jueves 19 de mayo de 2022 a [&hellip;]<\/p>\n","protected":false},"author":1,"featured_media":20322,"comment_status":"open","ping_status":"open","sticky":false,"template":"","format":"standard","meta":{"footnotes":""},"categories":[43],"tags":[],"class_list":["post-17802","post","type-post","status-publish","format-standard","has-post-thumbnail","hentry","category-punto-vuela"],"_links":{"self":[{"href":"https:\/\/cullarvega.com\/casa-cultura\/wp-json\/wp\/v2\/posts\/17802","targetHints":{"allow":["GET"]}}],"collection":[{"href":"https:\/\/cullarvega.com\/casa-cultura\/wp-json\/wp\/v2\/posts"}],"about":[{"href":"https:\/\/cullarvega.com\/casa-cultura\/wp-json\/wp\/v2\/types\/post"}],"author":[{"embeddable":true,"href":"https:\/\/cullarvega.com\/casa-cultura\/wp-json\/wp\/v2\/users\/1"}],"replies":[{"embeddable":true,"href":"https:\/\/cullarvega.com\/casa-cultura\/wp-json\/wp\/v2\/comments?post=17802"}],"version-history":[{"count":2,"href":"https:\/\/cullarvega.com\/casa-cultura\/wp-json\/wp\/v2\/posts\/17802\/revisions"}],"predecessor-version":[{"id":20324,"href":"https:\/\/cullarvega.com\/casa-cultura\/wp-json\/wp\/v2\/posts\/17802\/revisions\/20324"}],"wp:featuredmedia":[{"embeddable":true,"href":"https:\/\/cullarvega.com\/casa-cultura\/wp-json\/wp\/v2\/media\/20322"}],"wp:attachment":[{"href":"https:\/\/cullarvega.com\/casa-cultura\/wp-json\/wp\/v2\/media?parent=17802"}],"wp:term":[{"taxonomy":"category","embeddable":true,"href":"https:\/\/cullarvega.com\/casa-cultura\/wp-json\/wp\/v2\/categories?post=17802"},{"taxonomy":"post_tag","embeddable":true,"href":"https:\/\/cullarvega.com\/casa-cultura\/wp-json\/wp\/v2\/tags?post=17802"}],"curies":[{"name":"wp","href":"https:\/\/api.w.org\/{rel}","templated":true}]}}