{"id":17765,"date":"2022-04-25T11:27:40","date_gmt":"2022-04-25T09:27:40","guid":{"rendered":"https:\/\/www.cullarvega.com\/?p=17765"},"modified":"2026-01-28T09:12:37","modified_gmt":"2026-01-28T07:12:37","slug":"taller-presencial-como-enfrentarse-a-una-entrevista-de-trabajo","status":"publish","type":"post","link":"https:\/\/cullarvega.com\/casa-cultura\/taller-presencial-como-enfrentarse-a-una-entrevista-de-trabajo\/","title":{"rendered":"Taller presencial \u00abC\u00f3mo enfrentarse a una entrevista de trabajo\u00bb"},"content":{"rendered":"\n<p>Con este <strong>Taller Presencial Gratuito <\/strong>organizado entre el Ayuntamiento de C\u00fallar Vega y el Centro Guadalinfo de C\u00fallar Vega e impartido por <strong>Lurdes S\u00e1nchez, <\/strong> aprender\u00e9is a como enfrentaros a una entrevista para un puesto de trabajo dependiendo del tipo de empresa y de entrevistador. El taller consistir\u00e1 en una parte te\u00f3rica y una parte pr\u00e1ctica con simulaciones de entrevistas.<\/p>\n\n\n\n<ul class=\"wp-block-list\">\n<li><strong>D\u00eda<\/strong>:06  de mayo de 2022<\/li>\n\n\n\n<li><strong>Plazas Limitadas<\/strong><\/li>\n\n\n\n<li><strong>Lugar<\/strong>: Centro Guadalinfo de C\u00fallar Vega (Planta Superior \ud83d\udd1d de la Casa de la Cultura de C\u00fallar Vega) Enlace Google Maps: <a href=\"https:\/\/g.page\/centroguadalinfocullarvega\" target=\"_blank\" rel=\"noreferrer noopener\">https:\/\/g.page\/centroguadalinfocullarvega<\/a><\/li>\n\n\n\n<li><strong>Preinscripci\u00f3n<\/strong> <strong>online<\/strong>: <a href=\"https:\/\/forms.gle\/K6XBQEXkSLLk8WfG7\" target=\"_blank\" rel=\"noreferrer noopener\">https:\/\/forms.gle\/K6XBQEXkSLLk8WfG7<\/a><\/li>\n\n\n\n<li><strong>+ Info:<\/strong> 683 15 01 02 (WhatsApp)<\/li>\n<\/ul>\n\n\n\n<figure class=\"wp-block-image size-full\"><img fetchpriority=\"high\" decoding=\"async\" width=\"709\" height=\"1024\" src=\"https:\/\/cullarvega.com\/casa-cultura\/wp-content\/uploads\/2023\/01\/taller-entrevista-trabajo-709x1024-1.jpg\" alt=\"\" class=\"wp-image-20325\" srcset=\"https:\/\/cullarvega.com\/casa-cultura\/wp-content\/uploads\/2023\/01\/taller-entrevista-trabajo-709x1024-1.jpg 709w, https:\/\/cullarvega.com\/casa-cultura\/wp-content\/uploads\/2023\/01\/taller-entrevista-trabajo-709x1024-1-208x300.jpg 208w, https:\/\/cullarvega.com\/casa-cultura\/wp-content\/uploads\/2023\/01\/taller-entrevista-trabajo-709x1024-1-415x600.jpg 415w, https:\/\/cullarvega.com\/casa-cultura\/wp-content\/uploads\/2023\/01\/taller-entrevista-trabajo-709x1024-1-388x560.jpg 388w\" sizes=\"(max-width: 709px) 100vw, 709px\" \/><\/figure>\n","protected":false},"excerpt":{"rendered":"<p>Con este Taller Presencial Gratuito organizado entre el Ayuntamiento de C\u00fallar Vega y el Centro Guadalinfo de C\u00fallar Vega e impartido por Lurdes S\u00e1nchez, aprender\u00e9is a como enfrentaros a una entrevista para un puesto de trabajo dependiendo del tipo de empresa y de entrevistador. El taller consistir\u00e1 en una parte te\u00f3rica y una parte pr\u00e1ctica [&hellip;]<\/p>\n","protected":false},"author":1,"featured_media":20325,"comment_status":"open","ping_status":"open","sticky":false,"template":"","format":"standard","meta":{"footnotes":""},"categories":[176,43],"tags":[177],"class_list":["post-17765","post","type-post","status-publish","format-standard","has-post-thumbnail","hentry","category-formacion","category-punto-vuela","tag-formacion"],"_links":{"self":[{"href":"https:\/\/cullarvega.com\/casa-cultura\/wp-json\/wp\/v2\/posts\/17765","targetHints":{"allow":["GET"]}}],"collection":[{"href":"https:\/\/cullarvega.com\/casa-cultura\/wp-json\/wp\/v2\/posts"}],"about":[{"href":"https:\/\/cullarvega.com\/casa-cultura\/wp-json\/wp\/v2\/types\/post"}],"author":[{"embeddable":true,"href":"https:\/\/cullarvega.com\/casa-cultura\/wp-json\/wp\/v2\/users\/1"}],"replies":[{"embeddable":true,"href":"https:\/\/cullarvega.com\/casa-cultura\/wp-json\/wp\/v2\/comments?post=17765"}],"version-history":[{"count":3,"href":"https:\/\/cullarvega.com\/casa-cultura\/wp-json\/wp\/v2\/posts\/17765\/revisions"}],"predecessor-version":[{"id":22195,"href":"https:\/\/cullarvega.com\/casa-cultura\/wp-json\/wp\/v2\/posts\/17765\/revisions\/22195"}],"wp:featuredmedia":[{"embeddable":true,"href":"https:\/\/cullarvega.com\/casa-cultura\/wp-json\/wp\/v2\/media\/20325"}],"wp:attachment":[{"href":"https:\/\/cullarvega.com\/casa-cultura\/wp-json\/wp\/v2\/media?parent=17765"}],"wp:term":[{"taxonomy":"category","embeddable":true,"href":"https:\/\/cullarvega.com\/casa-cultura\/wp-json\/wp\/v2\/categories?post=17765"},{"taxonomy":"post_tag","embeddable":true,"href":"https:\/\/cullarvega.com\/casa-cultura\/wp-json\/wp\/v2\/tags?post=17765"}],"curies":[{"name":"wp","href":"https:\/\/api.w.org\/{rel}","templated":true}]}}