{"id":17759,"date":"2022-04-25T11:14:59","date_gmt":"2022-04-25T09:14:59","guid":{"rendered":"https:\/\/www.cullarvega.com\/?p=17759"},"modified":"2026-01-28T09:12:18","modified_gmt":"2026-01-28T07:12:18","slug":"taller-presencial-pautas-para-crear-un-curriculum-vitae","status":"publish","type":"post","link":"https:\/\/cullarvega.com\/casa-cultura\/taller-presencial-pautas-para-crear-un-curriculum-vitae\/","title":{"rendered":"Taller presencial \u00abPautas para crear un Curr\u00edculum Vitae\u00bb"},"content":{"rendered":"\n<p>Con este <strong>Taller Presencial Gratuito <\/strong>organizado entre el Ayuntamiento de C\u00fallar Vega y el Centro Guadalinfo de C\u00fallar Vega e impartido por <strong>Lurdes S\u00e1nchez, <\/strong>aprender\u00e9is las pautas para la creaci\u00f3n de un curr\u00edculum vitae dependiendo del puesto de trabajo al que quer\u00e9is acceder.<\/p>\n\n\n\n<ul class=\"wp-block-list\">\n<li><strong>D\u00eda<\/strong>: 04 de mayo de 2022<\/li>\n\n\n\n<li><strong>Plazas Limitadas<\/strong><\/li>\n\n\n\n<li><strong>Lugar<\/strong>: Centro Guadalinfo de C\u00fallar Vega (Planta Superior \ud83d\udd1d de la Casa de la Cultura de C\u00fallar Vega) Enlace Google Maps: <a href=\"https:\/\/g.page\/centroguadalinfocullarvega\" target=\"_blank\" rel=\"noreferrer noopener\">https:\/\/g.page\/centroguadalinfocullarvega<\/a><\/li>\n\n\n\n<li><strong>Preinscripci\u00f3n<\/strong> <strong>online<\/strong>: <a href=\"https:\/\/forms.gle\/M1swdVhuSLZF7h4R9\" target=\"_blank\" rel=\"noreferrer noopener\">https:\/\/forms.gle\/M1swdVhuSLZF7h4R9<\/a><\/li>\n\n\n\n<li><strong>+ Info:<\/strong> 683 15 01 02 (WhatsApp)<\/li>\n<\/ul>\n\n\n\n<figure class=\"wp-block-image size-full\"><img fetchpriority=\"high\" decoding=\"async\" width=\"709\" height=\"1024\" src=\"https:\/\/cullarvega.com\/casa-cultura\/wp-content\/uploads\/2023\/01\/taller-pautas-curriculum-vitae-709x1024-1.jpg\" alt=\"\" class=\"wp-image-20328\" srcset=\"https:\/\/cullarvega.com\/casa-cultura\/wp-content\/uploads\/2023\/01\/taller-pautas-curriculum-vitae-709x1024-1.jpg 709w, https:\/\/cullarvega.com\/casa-cultura\/wp-content\/uploads\/2023\/01\/taller-pautas-curriculum-vitae-709x1024-1-208x300.jpg 208w, https:\/\/cullarvega.com\/casa-cultura\/wp-content\/uploads\/2023\/01\/taller-pautas-curriculum-vitae-709x1024-1-415x600.jpg 415w, https:\/\/cullarvega.com\/casa-cultura\/wp-content\/uploads\/2023\/01\/taller-pautas-curriculum-vitae-709x1024-1-388x560.jpg 388w\" sizes=\"(max-width: 709px) 100vw, 709px\" \/><\/figure>\n","protected":false},"excerpt":{"rendered":"<p>Con este Taller Presencial Gratuito organizado entre el Ayuntamiento de C\u00fallar Vega y el Centro Guadalinfo de C\u00fallar Vega e impartido por Lurdes S\u00e1nchez, aprender\u00e9is las pautas para la creaci\u00f3n de un curr\u00edculum vitae dependiendo del puesto de trabajo al que quer\u00e9is acceder.<\/p>\n","protected":false},"author":1,"featured_media":20328,"comment_status":"open","ping_status":"open","sticky":false,"template":"","format":"standard","meta":{"footnotes":""},"categories":[176,43],"tags":[177],"class_list":["post-17759","post","type-post","status-publish","format-standard","has-post-thumbnail","hentry","category-formacion","category-punto-vuela","tag-formacion"],"_links":{"self":[{"href":"https:\/\/cullarvega.com\/casa-cultura\/wp-json\/wp\/v2\/posts\/17759","targetHints":{"allow":["GET"]}}],"collection":[{"href":"https:\/\/cullarvega.com\/casa-cultura\/wp-json\/wp\/v2\/posts"}],"about":[{"href":"https:\/\/cullarvega.com\/casa-cultura\/wp-json\/wp\/v2\/types\/post"}],"author":[{"embeddable":true,"href":"https:\/\/cullarvega.com\/casa-cultura\/wp-json\/wp\/v2\/users\/1"}],"replies":[{"embeddable":true,"href":"https:\/\/cullarvega.com\/casa-cultura\/wp-json\/wp\/v2\/comments?post=17759"}],"version-history":[{"count":3,"href":"https:\/\/cullarvega.com\/casa-cultura\/wp-json\/wp\/v2\/posts\/17759\/revisions"}],"predecessor-version":[{"id":22194,"href":"https:\/\/cullarvega.com\/casa-cultura\/wp-json\/wp\/v2\/posts\/17759\/revisions\/22194"}],"wp:featuredmedia":[{"embeddable":true,"href":"https:\/\/cullarvega.com\/casa-cultura\/wp-json\/wp\/v2\/media\/20328"}],"wp:attachment":[{"href":"https:\/\/cullarvega.com\/casa-cultura\/wp-json\/wp\/v2\/media?parent=17759"}],"wp:term":[{"taxonomy":"category","embeddable":true,"href":"https:\/\/cullarvega.com\/casa-cultura\/wp-json\/wp\/v2\/categories?post=17759"},{"taxonomy":"post_tag","embeddable":true,"href":"https:\/\/cullarvega.com\/casa-cultura\/wp-json\/wp\/v2\/tags?post=17759"}],"curies":[{"name":"wp","href":"https:\/\/api.w.org\/{rel}","templated":true}]}}