{"id":15620,"date":"2022-02-07T15:50:17","date_gmt":"2022-02-07T15:50:17","guid":{"rendered":"https:\/\/www.cullarvega.com\/?p=15620"},"modified":"2023-01-11T06:20:37","modified_gmt":"2023-01-11T06:20:37","slug":"premiados-del-xxxiv-certamen-literario-de-cullar-vega","status":"publish","type":"post","link":"https:\/\/cullarvega.com\/casa-cultura\/premiados-del-xxxiv-certamen-literario-de-cullar-vega\/","title":{"rendered":"Premiados del XXXIV Certamen Literario de C\u00fallar Vega"},"content":{"rendered":"\n<p>La XXXIV edici\u00f3n del Certamen Literario de C\u00fallar Vega de 2021 ya tiene premiados:<\/p>\n\n\n\n<p><strong>Modalidad Relato Corto:<\/strong><\/p>\n\n\n\n<ul class=\"wp-block-list\">\n<li>Primer Premio (200 \u20ac):&nbsp;\u00ab<a href=\"https:\/\/www.cullarvega.com\/wp-content\/uploads\/2022\/02\/espiral.pdf\" target=\"_blank\" rel=\"noreferrer noopener\">Espiral<\/a>\u00bb de <strong>Fernando M\u00e9ndez Germain<\/strong> de Cadavedo (Vald\u00e9s), Asturias.<\/li>\n\n\n\n<li>Segundo Premio (140 \u20ac): \u00ab<a href=\"https:\/\/www.cullarvega.com\/wp-content\/uploads\/2022\/02\/lasoga.pdf\" target=\"_blank\" rel=\"noreferrer noopener\">La Soga<\/a>\u00bb de <strong>Ernesto Tub\u00eda Landeras<\/strong>,&nbsp; de Logro\u00f1o.<\/li>\n<\/ul>\n\n\n\n<p><strong>Modalidad Poes\u00eda:<\/strong><\/p>\n\n\n\n<ul class=\"wp-block-list\">\n<li>Primer Premio (200 \u20ac):&nbsp;Poemario \u00ab<a href=\"https:\/\/www.cullarvega.com\/wp-content\/uploads\/2022\/02\/destinoincierto.pdf\" target=\"_blank\" rel=\"noreferrer noopener\">Destino Incierto<\/a>\u00bb de&nbsp;<strong>Obdulio Alonso L\u00f3pez<\/strong>, de Casas de Don Pedro (Badajoz).<\/li>\n\n\n\n<li>Segundo Premio (140\u20ac):&nbsp;Poemario \u00ab<a href=\"https:\/\/www.cullarvega.com\/wp-content\/uploads\/2022\/02\/granadacincosonetos.pdf\" target=\"_blank\" rel=\"noreferrer noopener\">Granada, cinco sonetos y una playa&#8230;<\/a>\u00bb de <strong>Luis Francisco Mar\u00edn L\u00f3pez<\/strong> de Albolote (Granada).<\/li>\n<\/ul>\n\n\n\n<p><strong>Modalidad Autor Local:<\/strong><\/p>\n\n\n\n<ul class=\"wp-block-list\">\n<li><strong>El premio al mejor autor local queda desierto<\/strong><\/li>\n<\/ul>\n\n\n\n<figure class=\"wp-block-image size-full\"><img fetchpriority=\"high\" decoding=\"async\" width=\"746\" height=\"1024\" src=\"https:\/\/cullarvega.com\/casa-cultura\/wp-content\/uploads\/2023\/01\/actacertamen2021-1-746x1024-1.png\" alt=\"\" class=\"wp-image-20332\" srcset=\"https:\/\/cullarvega.com\/casa-cultura\/wp-content\/uploads\/2023\/01\/actacertamen2021-1-746x1024-1.png 746w, https:\/\/cullarvega.com\/casa-cultura\/wp-content\/uploads\/2023\/01\/actacertamen2021-1-746x1024-1-219x300.png 219w, https:\/\/cullarvega.com\/casa-cultura\/wp-content\/uploads\/2023\/01\/actacertamen2021-1-746x1024-1-437x600.png 437w, https:\/\/cullarvega.com\/casa-cultura\/wp-content\/uploads\/2023\/01\/actacertamen2021-1-746x1024-1-408x560.png 408w\" sizes=\"(max-width: 746px) 100vw, 746px\" \/><\/figure>\n","protected":false},"excerpt":{"rendered":"<p>La XXXIV edici\u00f3n del Certamen Literario de C\u00fallar Vega de 2021 ya tiene premiados: Modalidad Relato Corto: Modalidad Poes\u00eda: Modalidad Autor Local:<\/p>\n","protected":false},"author":1,"featured_media":20332,"comment_status":"open","ping_status":"open","sticky":false,"template":"","format":"standard","meta":{"footnotes":""},"categories":[41],"tags":[],"class_list":["post-15620","post","type-post","status-publish","format-standard","has-post-thumbnail","hentry","category-biblioteca"],"_links":{"self":[{"href":"https:\/\/cullarvega.com\/casa-cultura\/wp-json\/wp\/v2\/posts\/15620","targetHints":{"allow":["GET"]}}],"collection":[{"href":"https:\/\/cullarvega.com\/casa-cultura\/wp-json\/wp\/v2\/posts"}],"about":[{"href":"https:\/\/cullarvega.com\/casa-cultura\/wp-json\/wp\/v2\/types\/post"}],"author":[{"embeddable":true,"href":"https:\/\/cullarvega.com\/casa-cultura\/wp-json\/wp\/v2\/users\/1"}],"replies":[{"embeddable":true,"href":"https:\/\/cullarvega.com\/casa-cultura\/wp-json\/wp\/v2\/comments?post=15620"}],"version-history":[{"count":2,"href":"https:\/\/cullarvega.com\/casa-cultura\/wp-json\/wp\/v2\/posts\/15620\/revisions"}],"predecessor-version":[{"id":20333,"href":"https:\/\/cullarvega.com\/casa-cultura\/wp-json\/wp\/v2\/posts\/15620\/revisions\/20333"}],"wp:featuredmedia":[{"embeddable":true,"href":"https:\/\/cullarvega.com\/casa-cultura\/wp-json\/wp\/v2\/media\/20332"}],"wp:attachment":[{"href":"https:\/\/cullarvega.com\/casa-cultura\/wp-json\/wp\/v2\/media?parent=15620"}],"wp:term":[{"taxonomy":"category","embeddable":true,"href":"https:\/\/cullarvega.com\/casa-cultura\/wp-json\/wp\/v2\/categories?post=15620"},{"taxonomy":"post_tag","embeddable":true,"href":"https:\/\/cullarvega.com\/casa-cultura\/wp-json\/wp\/v2\/tags?post=15620"}],"curies":[{"name":"wp","href":"https:\/\/api.w.org\/{rel}","templated":true}]}}