{"id":15600,"date":"2022-02-09T09:00:00","date_gmt":"2022-02-09T08:00:00","guid":{"rendered":"https:\/\/www.cullarvega.com\/?p=15600"},"modified":"2023-01-11T06:20:20","modified_gmt":"2023-01-11T06:20:20","slug":"jornada-online-sobre-internacionalizacion-dirigido-a-empresas-y-emprendedores-as","status":"publish","type":"post","link":"https:\/\/cullarvega.com\/casa-cultura\/jornada-online-sobre-internacionalizacion-dirigido-a-empresas-y-emprendedores-as\/","title":{"rendered":"Jornada ONLINE sobre INTERNACIONALIZACI\u00d3N dirigido a Empresas y Emprendedores\/as"},"content":{"rendered":"\n<p><strong>EXTENDA<\/strong>, la Agencia Andaluza de Promoci\u00f3n Exterior, en colaboraci\u00f3n con el <strong>Ayuntamiento de C\u00fallar Vega<\/strong> y el <strong>Centro<\/strong> <strong>Guadalinfo <\/strong>de <strong>C\u00fallar Vega<\/strong>,  ha organizado una <strong>JORNADA ONLINE<\/strong> gratuita sobre <strong>INTERNACIONALIZACI\u00d3N<\/strong> dirigido a <strong>Empresas<\/strong>, <strong>Comercios <\/strong>y <strong>Emprendedores\/as<\/strong> que tendr\u00e1 lugar por videoconferencia el mi\u00e9rcoles <strong>23 de febrero de 2022<\/strong> y cuyo objetivo es fomentar la internacionalizaci\u00f3n de empresas andaluzas.<\/p>\n\n\n\n<ul class=\"wp-block-list\">\n<li><strong>DIRIGID0 A<\/strong>: Empresarios\/as, Emprendedores\/as, Comercios y cualquier persona interesada.<\/li>\n\n\n\n<li><strong>D\u00cdA<\/strong>: 23 de Febrero de 2022.<\/li>\n\n\n\n<li><strong>HORARIO: <\/strong>de 09:00 a 10:00 h para facilitar la asistencia online de comercios, empresarios\/as y emprendedores\/as.<\/li>\n\n\n\n<li><strong>LUGAR<\/strong>: ONLINE a trav\u00e9s de Google Meet.<\/li>\n\n\n\n<li><strong>INSCRIPCI\u00d3N<\/strong>: <a href=\"https:\/\/forms.gle\/ru9GoQgPcr7Jsmc56\" target=\"_blank\" rel=\"noreferrer noopener\">https:\/\/forms.gle\/ru9GoQgPcr7Jsmc56<\/a><\/li>\n\n\n\n<li><strong>+INFO: <\/strong>WHATSAPP<strong> <\/strong>683 15 01 02<\/li>\n<\/ul>\n\n\n\n<figure class=\"wp-block-image size-full\"><img fetchpriority=\"high\" decoding=\"async\" width=\"709\" height=\"1024\" src=\"https:\/\/cullarvega.com\/casa-cultura\/wp-content\/uploads\/2023\/01\/jornada-internacionalizacion-709x1024-1.jpg\" alt=\"\" class=\"wp-image-20330\" srcset=\"https:\/\/cullarvega.com\/casa-cultura\/wp-content\/uploads\/2023\/01\/jornada-internacionalizacion-709x1024-1.jpg 709w, https:\/\/cullarvega.com\/casa-cultura\/wp-content\/uploads\/2023\/01\/jornada-internacionalizacion-709x1024-1-208x300.jpg 208w, https:\/\/cullarvega.com\/casa-cultura\/wp-content\/uploads\/2023\/01\/jornada-internacionalizacion-709x1024-1-415x600.jpg 415w, https:\/\/cullarvega.com\/casa-cultura\/wp-content\/uploads\/2023\/01\/jornada-internacionalizacion-709x1024-1-388x560.jpg 388w\" sizes=\"(max-width: 709px) 100vw, 709px\" \/><\/figure>\n","protected":false},"excerpt":{"rendered":"<p>EXTENDA, la Agencia Andaluza de Promoci\u00f3n Exterior, en colaboraci\u00f3n con el Ayuntamiento de C\u00fallar Vega y el Centro Guadalinfo de C\u00fallar Vega, ha organizado una JORNADA ONLINE gratuita sobre INTERNACIONALIZACI\u00d3N dirigido a Empresas, Comercios y Emprendedores\/as que tendr\u00e1 lugar por videoconferencia el mi\u00e9rcoles 23 de febrero de 2022 y cuyo objetivo es fomentar la internacionalizaci\u00f3n [&hellip;]<\/p>\n","protected":false},"author":1,"featured_media":20330,"comment_status":"open","ping_status":"open","sticky":false,"template":"","format":"standard","meta":{"footnotes":""},"categories":[43],"tags":[],"class_list":["post-15600","post","type-post","status-publish","format-standard","has-post-thumbnail","hentry","category-punto-vuela"],"_links":{"self":[{"href":"https:\/\/cullarvega.com\/casa-cultura\/wp-json\/wp\/v2\/posts\/15600","targetHints":{"allow":["GET"]}}],"collection":[{"href":"https:\/\/cullarvega.com\/casa-cultura\/wp-json\/wp\/v2\/posts"}],"about":[{"href":"https:\/\/cullarvega.com\/casa-cultura\/wp-json\/wp\/v2\/types\/post"}],"author":[{"embeddable":true,"href":"https:\/\/cullarvega.com\/casa-cultura\/wp-json\/wp\/v2\/users\/1"}],"replies":[{"embeddable":true,"href":"https:\/\/cullarvega.com\/casa-cultura\/wp-json\/wp\/v2\/comments?post=15600"}],"version-history":[{"count":2,"href":"https:\/\/cullarvega.com\/casa-cultura\/wp-json\/wp\/v2\/posts\/15600\/revisions"}],"predecessor-version":[{"id":20331,"href":"https:\/\/cullarvega.com\/casa-cultura\/wp-json\/wp\/v2\/posts\/15600\/revisions\/20331"}],"wp:featuredmedia":[{"embeddable":true,"href":"https:\/\/cullarvega.com\/casa-cultura\/wp-json\/wp\/v2\/media\/20330"}],"wp:attachment":[{"href":"https:\/\/cullarvega.com\/casa-cultura\/wp-json\/wp\/v2\/media?parent=15600"}],"wp:term":[{"taxonomy":"category","embeddable":true,"href":"https:\/\/cullarvega.com\/casa-cultura\/wp-json\/wp\/v2\/categories?post=15600"},{"taxonomy":"post_tag","embeddable":true,"href":"https:\/\/cullarvega.com\/casa-cultura\/wp-json\/wp\/v2\/tags?post=15600"}],"curies":[{"name":"wp","href":"https:\/\/api.w.org\/{rel}","templated":true}]}}