{"id":15235,"date":"2021-12-03T13:11:35","date_gmt":"2021-12-03T12:11:35","guid":{"rendered":"https:\/\/www.cullarvega.com\/?p=15235"},"modified":"2023-01-18T19:46:35","modified_gmt":"2023-01-18T18:46:35","slug":"accede-a-la-energia-de-tu-municipio-con-la-comunidad-energetica-cullar-vega","status":"publish","type":"post","link":"https:\/\/cullarvega.com\/casa-cultura\/accede-a-la-energia-de-tu-municipio-con-la-comunidad-energetica-cullar-vega\/","title":{"rendered":"Accede a la energ\u00eda de tu municipio con la \u00abComunidad Energ\u00e9tica C\u00fallar Vega\u00bb"},"content":{"rendered":"\n<h3 class=\"wp-block-heading\">Desde el ayuntamiento te invitamos a conocer la&nbsp;Comunidad Energ\u00e9tica de C\u00fallar Vega.<\/h3>\n\n\n\n<hr class=\"wp-block-separator has-css-opacity\"\/>\n\n\n\n<p><strong>C\u00fallar<\/strong> <strong>Vega<\/strong> ha sido seleccionado por la Diputaci\u00f3n de Granada como uno de los <strong>municipios para impulsar Comunidades Energ\u00e9ticas.<\/strong><\/p>\n\n\n\n<p>Las comunidades energ\u00e9ticas son una <strong>forma de conseguir&nbsp;ahorro econ\u00f3mico<\/strong> en la factura de la luz, y adem\u00e1s, contribuir a la <strong>mejora del medio ambiente<\/strong>, ya que promueven las energ\u00edas renovables.<\/p>\n\n\n\n<p>El pr\u00f3ximo d\u00eda&nbsp;Jueves,<strong>&nbsp;16 de Diciembre estaremos en el Centro Guadalinfo de C\u00fallar Vega a las 18:30 horas<\/strong>, donde se explicar\u00e1 qu\u00e9 es una Comunidad Energ\u00e9tica, c\u00f3mo funciona y sus beneficios.<\/p>\n\n\n\n<p>Queremos hacer realidad la <strong>Comunidad Energ\u00e9tica de C\u00fallar Vega<\/strong>, y para ello, el siguiente paso es entender cu\u00e1ntos vecinos estar\u00edan interesados en participar en el proyecto.<\/p>\n\n\n\n<p>Si no pod\u00e9is asistir a la reuni\u00f3n,&nbsp;tambi\u00e9n pod\u00e9is informaros solicitando informaci\u00f3n en la web del proyecto:&nbsp;<a href=\"https:\/\/www.vergy.es\/comunidadenergeticanivar\/\" target=\"_blank\" rel=\"noreferrer noopener\">https:\/\/www.vergy.es\/comunidadenergeticacullarvega\/<\/a><\/p>\n\n\n\n<figure class=\"wp-block-image size-full\"><img fetchpriority=\"high\" decoding=\"async\" width=\"724\" height=\"1024\" src=\"https:\/\/cullarvega.com\/casa-cultura\/wp-content\/uploads\/2023\/01\/comunidad-energetica-cullar-vega-724x1024-1.jpg\" alt=\"\" class=\"wp-image-20334\" srcset=\"https:\/\/cullarvega.com\/casa-cultura\/wp-content\/uploads\/2023\/01\/comunidad-energetica-cullar-vega-724x1024-1.jpg 724w, https:\/\/cullarvega.com\/casa-cultura\/wp-content\/uploads\/2023\/01\/comunidad-energetica-cullar-vega-724x1024-1-212x300.jpg 212w, https:\/\/cullarvega.com\/casa-cultura\/wp-content\/uploads\/2023\/01\/comunidad-energetica-cullar-vega-724x1024-1-424x600.jpg 424w, https:\/\/cullarvega.com\/casa-cultura\/wp-content\/uploads\/2023\/01\/comunidad-energetica-cullar-vega-724x1024-1-396x560.jpg 396w\" sizes=\"(max-width: 724px) 100vw, 724px\" \/><\/figure>\n","protected":false},"excerpt":{"rendered":"<p>Desde el ayuntamiento te invitamos a conocer la&nbsp;Comunidad Energ\u00e9tica de C\u00fallar Vega. C\u00fallar Vega ha sido seleccionado por la Diputaci\u00f3n de Granada como uno de los municipios para impulsar Comunidades Energ\u00e9ticas. Las comunidades energ\u00e9ticas son una forma de conseguir&nbsp;ahorro econ\u00f3mico en la factura de la luz, y adem\u00e1s, contribuir a la mejora del medio ambiente, [&hellip;]<\/p>\n","protected":false},"author":1,"featured_media":20334,"comment_status":"open","ping_status":"open","sticky":false,"template":"","format":"standard","meta":{"footnotes":""},"categories":[176,43],"tags":[177],"class_list":["post-15235","post","type-post","status-publish","format-standard","has-post-thumbnail","hentry","category-formacion","category-punto-vuela","tag-formacion"],"_links":{"self":[{"href":"https:\/\/cullarvega.com\/casa-cultura\/wp-json\/wp\/v2\/posts\/15235","targetHints":{"allow":["GET"]}}],"collection":[{"href":"https:\/\/cullarvega.com\/casa-cultura\/wp-json\/wp\/v2\/posts"}],"about":[{"href":"https:\/\/cullarvega.com\/casa-cultura\/wp-json\/wp\/v2\/types\/post"}],"author":[{"embeddable":true,"href":"https:\/\/cullarvega.com\/casa-cultura\/wp-json\/wp\/v2\/users\/1"}],"replies":[{"embeddable":true,"href":"https:\/\/cullarvega.com\/casa-cultura\/wp-json\/wp\/v2\/comments?post=15235"}],"version-history":[{"count":2,"href":"https:\/\/cullarvega.com\/casa-cultura\/wp-json\/wp\/v2\/posts\/15235\/revisions"}],"predecessor-version":[{"id":20335,"href":"https:\/\/cullarvega.com\/casa-cultura\/wp-json\/wp\/v2\/posts\/15235\/revisions\/20335"}],"wp:featuredmedia":[{"embeddable":true,"href":"https:\/\/cullarvega.com\/casa-cultura\/wp-json\/wp\/v2\/media\/20334"}],"wp:attachment":[{"href":"https:\/\/cullarvega.com\/casa-cultura\/wp-json\/wp\/v2\/media?parent=15235"}],"wp:term":[{"taxonomy":"category","embeddable":true,"href":"https:\/\/cullarvega.com\/casa-cultura\/wp-json\/wp\/v2\/categories?post=15235"},{"taxonomy":"post_tag","embeddable":true,"href":"https:\/\/cullarvega.com\/casa-cultura\/wp-json\/wp\/v2\/tags?post=15235"}],"curies":[{"name":"wp","href":"https:\/\/api.w.org\/{rel}","templated":true}]}}