{"id":14347,"date":"2023-01-09T15:57:30","date_gmt":"2023-01-09T15:57:30","guid":{"rendered":"https:\/\/cullarvega.com\/casa-cultura\/?p=14347"},"modified":"2023-01-09T15:57:31","modified_gmt":"2023-01-09T15:57:31","slug":"presentacion-del-libro-cuentos-de-ninos-para-adultos-de-mari-carmen-martinez-sanchez","status":"publish","type":"post","link":"https:\/\/cullarvega.com\/casa-cultura\/presentacion-del-libro-cuentos-de-ninos-para-adultos-de-mari-carmen-martinez-sanchez\/","title":{"rendered":"Presentaci\u00f3n del libro \u00abCuentos de Ni\u00f1os para Adultos\u00bb de Mari Carmen Mart\u00ednez S\u00e1nchez"},"content":{"rendered":"\n<p>El pr\u00f3ximo lunes 16 de enero se presentar\u00e1 el libro \u00abCuentos de Ni\u00f1os para Adultos\u00bb de Mari Carmen Mart\u00ednez S\u00e1nchez.<\/p>\n\n\n\n<p>Tendr\u00e1 lugar en la Biblioteca de C\u00fallar Vega (Casa de la Cultura) a las 19 h.<\/p>\n\n\n\n<figure class=\"wp-block-image size-large\"><a href=\"https:\/\/cullarvega.com\/casa-cultura\/wp-content\/uploads\/2023\/01\/cuentos-de-ninos-para-adultos.jpeg\"><img fetchpriority=\"high\" decoding=\"async\" width=\"724\" height=\"1024\" src=\"https:\/\/cullarvega.com\/casa-cultura\/wp-content\/uploads\/2023\/01\/cuentos-de-ninos-para-adultos-724x1024.jpeg\" alt=\"\" class=\"wp-image-14348\" srcset=\"https:\/\/cullarvega.com\/casa-cultura\/wp-content\/uploads\/2023\/01\/cuentos-de-ninos-para-adultos-724x1024.jpeg 724w, https:\/\/cullarvega.com\/casa-cultura\/wp-content\/uploads\/2023\/01\/cuentos-de-ninos-para-adultos-212x300.jpeg 212w, https:\/\/cullarvega.com\/casa-cultura\/wp-content\/uploads\/2023\/01\/cuentos-de-ninos-para-adultos-768x1086.jpeg 768w, https:\/\/cullarvega.com\/casa-cultura\/wp-content\/uploads\/2023\/01\/cuentos-de-ninos-para-adultos-1086x1536.jpeg 1086w, https:\/\/cullarvega.com\/casa-cultura\/wp-content\/uploads\/2023\/01\/cuentos-de-ninos-para-adultos-424x600.jpeg 424w, https:\/\/cullarvega.com\/casa-cultura\/wp-content\/uploads\/2023\/01\/cuentos-de-ninos-para-adultos-396x560.jpeg 396w, https:\/\/cullarvega.com\/casa-cultura\/wp-content\/uploads\/2023\/01\/cuentos-de-ninos-para-adultos.jpeg 1131w\" sizes=\"(max-width: 724px) 100vw, 724px\" \/><\/a><\/figure>\n\n\n\n<p><a href=\"https:\/\/www.cullarvega.com\/wp-content\/uploads\/2023\/01\/cuentos-de-ninos-para-adultos.jpeg\"><\/a><\/p>\n","protected":false},"excerpt":{"rendered":"<p>El pr\u00f3ximo lunes 16 de enero se presentar\u00e1 el libro \u00abCuentos de Ni\u00f1os para Adultos\u00bb de Mari Carmen Mart\u00ednez S\u00e1nchez. Tendr\u00e1 lugar en la Biblioteca de C\u00fallar Vega (Casa de la Cultura) a las 19 h.<\/p>\n","protected":false},"author":1,"featured_media":14348,"comment_status":"closed","ping_status":"open","sticky":false,"template":"","format":"standard","meta":{"footnotes":""},"categories":[41],"tags":[],"class_list":["post-14347","post","type-post","status-publish","format-standard","has-post-thumbnail","hentry","category-biblioteca"],"_links":{"self":[{"href":"https:\/\/cullarvega.com\/casa-cultura\/wp-json\/wp\/v2\/posts\/14347","targetHints":{"allow":["GET"]}}],"collection":[{"href":"https:\/\/cullarvega.com\/casa-cultura\/wp-json\/wp\/v2\/posts"}],"about":[{"href":"https:\/\/cullarvega.com\/casa-cultura\/wp-json\/wp\/v2\/types\/post"}],"author":[{"embeddable":true,"href":"https:\/\/cullarvega.com\/casa-cultura\/wp-json\/wp\/v2\/users\/1"}],"replies":[{"embeddable":true,"href":"https:\/\/cullarvega.com\/casa-cultura\/wp-json\/wp\/v2\/comments?post=14347"}],"version-history":[{"count":1,"href":"https:\/\/cullarvega.com\/casa-cultura\/wp-json\/wp\/v2\/posts\/14347\/revisions"}],"predecessor-version":[{"id":14349,"href":"https:\/\/cullarvega.com\/casa-cultura\/wp-json\/wp\/v2\/posts\/14347\/revisions\/14349"}],"wp:featuredmedia":[{"embeddable":true,"href":"https:\/\/cullarvega.com\/casa-cultura\/wp-json\/wp\/v2\/media\/14348"}],"wp:attachment":[{"href":"https:\/\/cullarvega.com\/casa-cultura\/wp-json\/wp\/v2\/media?parent=14347"}],"wp:term":[{"taxonomy":"category","embeddable":true,"href":"https:\/\/cullarvega.com\/casa-cultura\/wp-json\/wp\/v2\/categories?post=14347"},{"taxonomy":"post_tag","embeddable":true,"href":"https:\/\/cullarvega.com\/casa-cultura\/wp-json\/wp\/v2\/tags?post=14347"}],"curies":[{"name":"wp","href":"https:\/\/api.w.org\/{rel}","templated":true}]}}