{"id":13344,"date":"2021-04-23T09:54:00","date_gmt":"2021-04-23T09:54:00","guid":{"rendered":"https:\/\/www.cullarvega.com\/?p=13344"},"modified":"2023-01-11T06:23:06","modified_gmt":"2023-01-11T06:23:06","slug":"feliz-dia-del-libro","status":"publish","type":"post","link":"https:\/\/cullarvega.com\/casa-cultura\/feliz-dia-del-libro\/","title":{"rendered":"\u00a1Feliz D\u00eda del Libro!"},"content":{"rendered":"\n<p>El&nbsp;<strong>D\u00eda Internacional del Libro<\/strong>&nbsp;es una conmemoraci\u00f3n celebrada cada&nbsp;23 de abril&nbsp;a nivel mundial y su principal objetivo es el fomento de la&nbsp;lectura. Desde la Concejal\u00eda de Cultura y la Biblioteca Municipal se han realizado diversas iniciativas y actividades durante la \u00faltima semana, siempre con aforo reducido y cumpliendo con las medidas de seguridad. La biblioteca ha adquirido las \u00faltimas novedades editoriales para todas las edades y ha puesto en marcha un nuevo canal de comunicaci\u00f3n a trav\u00e9s de Whatsapp. Tambi\u00e9n se han entregado los premios a los mejores lectores del a\u00f1o y el club de lectura infantil ha celebrado el D\u00eda del Libro con una lectura del Principito.<\/p>\n\n\n\n<figure class=\"wp-block-image size-full\"><img fetchpriority=\"high\" decoding=\"async\" width=\"732\" height=\"1024\" src=\"https:\/\/cullarvega.com\/casa-cultura\/wp-content\/uploads\/2023\/01\/carteldialibro.jpg\" alt=\"\" class=\"wp-image-20346\" srcset=\"https:\/\/cullarvega.com\/casa-cultura\/wp-content\/uploads\/2023\/01\/carteldialibro.jpg 732w, https:\/\/cullarvega.com\/casa-cultura\/wp-content\/uploads\/2023\/01\/carteldialibro-214x300.jpg 214w, https:\/\/cullarvega.com\/casa-cultura\/wp-content\/uploads\/2023\/01\/carteldialibro-429x600.jpg 429w, https:\/\/cullarvega.com\/casa-cultura\/wp-content\/uploads\/2023\/01\/carteldialibro-400x560.jpg 400w\" sizes=\"(max-width: 732px) 100vw, 732px\" \/><\/figure>\n\n\n\n<figure class=\"wp-block-image size-large\"><img decoding=\"async\" src=\"https:\/\/www.cullarvega.com\/wp-content\/uploads\/2021\/04\/Whatsapp-Biblioteca-724x1024.png\" alt=\"\" class=\"wp-image-13347\"\/><\/figure>\n\n\n\n<figure class=\"wp-block-image size-large\"><img decoding=\"async\" src=\"https:\/\/www.cullarvega.com\/wp-content\/uploads\/2021\/04\/mejores-lectores.jpg\" alt=\"\" class=\"wp-image-13348\"\/><\/figure>\n\n\n\n<figure class=\"wp-block-image size-large\"><img decoding=\"async\" src=\"https:\/\/www.cullarvega.com\/wp-content\/uploads\/2021\/04\/ULtimas-novedades-1024x538.png\" alt=\"\" class=\"wp-image-13349\"\/><\/figure>\n\n\n\n<figure class=\"wp-block-image size-large\"><img decoding=\"async\" src=\"https:\/\/www.cullarvega.com\/wp-content\/uploads\/2021\/04\/Copia-de-ULtimas-novedades-1024x538.png\" alt=\"\" class=\"wp-image-13350\"\/><\/figure>\n\n\n\n[embedyt] https:\/\/www.youtube.com\/watch?v=XsoDTmb0adU[\/embedyt]\n\n\n\n[embedyt] https:\/\/www.youtube.com\/watch?v=PUNUjvLD59Q[\/embedyt]\n","protected":false},"excerpt":{"rendered":"<p>El&nbsp;D\u00eda Internacional del Libro&nbsp;es una conmemoraci\u00f3n celebrada cada&nbsp;23 de abril&nbsp;a nivel mundial y su principal objetivo es el fomento de la&nbsp;lectura. Desde la Concejal\u00eda de Cultura y la Biblioteca Municipal se han realizado diversas iniciativas y actividades durante la \u00faltima semana, siempre con aforo reducido y cumpliendo con las medidas de seguridad. La biblioteca ha [&hellip;]<\/p>\n","protected":false},"author":1,"featured_media":20346,"comment_status":"open","ping_status":"open","sticky":false,"template":"","format":"standard","meta":{"footnotes":""},"categories":[41],"tags":[],"class_list":["post-13344","post","type-post","status-publish","format-standard","has-post-thumbnail","hentry","category-biblioteca"],"_links":{"self":[{"href":"https:\/\/cullarvega.com\/casa-cultura\/wp-json\/wp\/v2\/posts\/13344","targetHints":{"allow":["GET"]}}],"collection":[{"href":"https:\/\/cullarvega.com\/casa-cultura\/wp-json\/wp\/v2\/posts"}],"about":[{"href":"https:\/\/cullarvega.com\/casa-cultura\/wp-json\/wp\/v2\/types\/post"}],"author":[{"embeddable":true,"href":"https:\/\/cullarvega.com\/casa-cultura\/wp-json\/wp\/v2\/users\/1"}],"replies":[{"embeddable":true,"href":"https:\/\/cullarvega.com\/casa-cultura\/wp-json\/wp\/v2\/comments?post=13344"}],"version-history":[{"count":2,"href":"https:\/\/cullarvega.com\/casa-cultura\/wp-json\/wp\/v2\/posts\/13344\/revisions"}],"predecessor-version":[{"id":20347,"href":"https:\/\/cullarvega.com\/casa-cultura\/wp-json\/wp\/v2\/posts\/13344\/revisions\/20347"}],"wp:featuredmedia":[{"embeddable":true,"href":"https:\/\/cullarvega.com\/casa-cultura\/wp-json\/wp\/v2\/media\/20346"}],"wp:attachment":[{"href":"https:\/\/cullarvega.com\/casa-cultura\/wp-json\/wp\/v2\/media?parent=13344"}],"wp:term":[{"taxonomy":"category","embeddable":true,"href":"https:\/\/cullarvega.com\/casa-cultura\/wp-json\/wp\/v2\/categories?post=13344"},{"taxonomy":"post_tag","embeddable":true,"href":"https:\/\/cullarvega.com\/casa-cultura\/wp-json\/wp\/v2\/tags?post=13344"}],"curies":[{"name":"wp","href":"https:\/\/api.w.org\/{rel}","templated":true}]}}