{"id":13335,"date":"2021-04-26T11:57:23","date_gmt":"2021-04-26T09:57:23","guid":{"rendered":"https:\/\/www.cullarvega.com\/?p=13335"},"modified":"2026-01-28T09:11:27","modified_gmt":"2026-01-28T07:11:27","slug":"taller-de-whatsapp-business","status":"publish","type":"post","link":"https:\/\/cullarvega.com\/casa-cultura\/taller-de-whatsapp-business\/","title":{"rendered":"Taller de WhatsApp Business"},"content":{"rendered":"\n<p>S\u00e1cale el m\u00e1ximo partido a esta herramienta especialmente dise\u00f1ada para atender las necesidades de las <strong>PEQUE\u00d1AS y MEDIANAS EMPRESAS<\/strong>: comunicaci\u00f3n, venta, cat\u00e1logo, automatizaci\u00f3n, respuestas r\u00e1pidas y mucho m\u00e1s\u2026.<\/p>\n\n\n\n<ul class=\"wp-block-list\">\n<li><strong>Dirigido a<\/strong>: Empresarios\/as, Emprendedores\/as, Comercios y cualquier persona interesada en la materia<\/li>\n\n\n\n<li><strong>D\u00edas<\/strong>: 7 de Mayo de 2021<\/li>\n\n\n\n<li><strong>Lugar<\/strong>: Centro Guadalinfo de C\u00fallar Vega<\/li>\n\n\n\n<li><strong>Preinscripci\u00f3n online<\/strong>:&nbsp;<a href=\"https:\/\/forms.gle\/Ba62iqToNEZowe2V6\" target=\"_blank\" rel=\"noreferrer noopener\">https:\/\/forms.gle\/Ba62iqToNEZowe2V6<\/a><\/li>\n\n\n\n<li><strong>M\u00e1s informaci\u00f3n en el Whatsapp: <\/strong>683 15 01 02<\/li>\n<\/ul>\n\n\n\n<figure class=\"wp-block-image size-full is-style-default\"><img fetchpriority=\"high\" decoding=\"async\" width=\"709\" height=\"1024\" src=\"https:\/\/cullarvega.com\/casa-cultura\/wp-content\/uploads\/2023\/01\/whatsapp-business-1-709x1024-1.jpg\" alt=\"\" class=\"wp-image-20344\" srcset=\"https:\/\/cullarvega.com\/casa-cultura\/wp-content\/uploads\/2023\/01\/whatsapp-business-1-709x1024-1.jpg 709w, https:\/\/cullarvega.com\/casa-cultura\/wp-content\/uploads\/2023\/01\/whatsapp-business-1-709x1024-1-208x300.jpg 208w, https:\/\/cullarvega.com\/casa-cultura\/wp-content\/uploads\/2023\/01\/whatsapp-business-1-709x1024-1-415x600.jpg 415w, https:\/\/cullarvega.com\/casa-cultura\/wp-content\/uploads\/2023\/01\/whatsapp-business-1-709x1024-1-388x560.jpg 388w\" sizes=\"(max-width: 709px) 100vw, 709px\" \/><\/figure>\n\n\n\n<p><\/p>\n","protected":false},"excerpt":{"rendered":"<p>S\u00e1cale el m\u00e1ximo partido a esta herramienta especialmente dise\u00f1ada para atender las necesidades de las PEQUE\u00d1AS y MEDIANAS EMPRESAS: comunicaci\u00f3n, venta, cat\u00e1logo, automatizaci\u00f3n, respuestas r\u00e1pidas y mucho m\u00e1s\u2026.<\/p>\n","protected":false},"author":1,"featured_media":20344,"comment_status":"open","ping_status":"open","sticky":false,"template":"","format":"standard","meta":{"footnotes":""},"categories":[176,43],"tags":[177],"class_list":["post-13335","post","type-post","status-publish","format-standard","has-post-thumbnail","hentry","category-formacion","category-punto-vuela","tag-formacion"],"_links":{"self":[{"href":"https:\/\/cullarvega.com\/casa-cultura\/wp-json\/wp\/v2\/posts\/13335","targetHints":{"allow":["GET"]}}],"collection":[{"href":"https:\/\/cullarvega.com\/casa-cultura\/wp-json\/wp\/v2\/posts"}],"about":[{"href":"https:\/\/cullarvega.com\/casa-cultura\/wp-json\/wp\/v2\/types\/post"}],"author":[{"embeddable":true,"href":"https:\/\/cullarvega.com\/casa-cultura\/wp-json\/wp\/v2\/users\/1"}],"replies":[{"embeddable":true,"href":"https:\/\/cullarvega.com\/casa-cultura\/wp-json\/wp\/v2\/comments?post=13335"}],"version-history":[{"count":3,"href":"https:\/\/cullarvega.com\/casa-cultura\/wp-json\/wp\/v2\/posts\/13335\/revisions"}],"predecessor-version":[{"id":22190,"href":"https:\/\/cullarvega.com\/casa-cultura\/wp-json\/wp\/v2\/posts\/13335\/revisions\/22190"}],"wp:featuredmedia":[{"embeddable":true,"href":"https:\/\/cullarvega.com\/casa-cultura\/wp-json\/wp\/v2\/media\/20344"}],"wp:attachment":[{"href":"https:\/\/cullarvega.com\/casa-cultura\/wp-json\/wp\/v2\/media?parent=13335"}],"wp:term":[{"taxonomy":"category","embeddable":true,"href":"https:\/\/cullarvega.com\/casa-cultura\/wp-json\/wp\/v2\/categories?post=13335"},{"taxonomy":"post_tag","embeddable":true,"href":"https:\/\/cullarvega.com\/casa-cultura\/wp-json\/wp\/v2\/tags?post=13335"}],"curies":[{"name":"wp","href":"https:\/\/api.w.org\/{rel}","templated":true}]}}