{"id":13264,"date":"2021-04-14T13:25:27","date_gmt":"2021-04-14T11:25:27","guid":{"rendered":"https:\/\/www.cullarvega.com\/?p=13264"},"modified":"2026-01-28T09:11:35","modified_gmt":"2026-01-28T07:11:35","slug":"taller-online-y-gratuito-sobre-seguridad-en-moviles-mi-movil-un-tesoro-y-seis-llaves","status":"publish","type":"post","link":"https:\/\/cullarvega.com\/casa-cultura\/taller-online-y-gratuito-sobre-seguridad-en-moviles-mi-movil-un-tesoro-y-seis-llaves\/","title":{"rendered":"Taller Online y Gratuito sobre Seguridad en M\u00f3viles \u00abMi m\u00f3vil, un tesoro y seis llaves\u00bb"},"content":{"rendered":"\n<p>Dentro del proyecto EduACD se va a realizar un taller en colaboraci\u00f3n con la Universidad de Granada (Ciencias de la Educaci\u00f3n) y el centro Guadalinfo de C\u00fallar Vega para descubrir y aprender h\u00e1bitos f\u00e1ciles y pr\u00e1cticos con los que mejorar la seguridad en nuestros dispositivos m\u00f3viles.<\/p>\n\n\n\n<ul class=\"wp-block-list\">\n<li><strong>Destinatarios\/as: <\/strong>cualquier persona interesada en mejorar la seguridad de su m\u00f3vil.<\/li>\n\n\n\n<li><strong>D\u00eda<\/strong>: mi\u00e9rcoles 28 de abril de 2021<\/li>\n\n\n\n<li><strong>Metodolog\u00eda<\/strong>: Online (Google Meet) &#8211; los inscritos\/as recibir\u00e1n el enlace de acceso unos d\u00edas antes del inicio del taller.<\/li>\n\n\n\n<li><strong>Inscripci\u00f3n Online<\/strong> &gt; <a href=\"https:\/\/forms.gle\/voYAPeYUwvsPvS3S9\" target=\"_blank\" rel=\"noreferrer noopener\">https:\/\/forms.gle\/voYAPeYUwvsPvS3S9<\/a><\/li>\n\n\n\n<li><strong>M\u00e1s informaci\u00f3n <\/strong>en el whastapp 683 15 01 02 (Centro Guadalinfo de C\u00fallar Vega)<\/li>\n<\/ul>\n\n\n\n<p><\/p>\n\n\n\n<figure class=\"wp-block-image size-full is-style-default\"><img fetchpriority=\"high\" decoding=\"async\" width=\"960\" height=\"540\" src=\"https:\/\/cullarvega.com\/casa-cultura\/wp-content\/uploads\/2023\/01\/Mi-movil-28-Abril.jpg\" alt=\"\" class=\"wp-image-20348\" srcset=\"https:\/\/cullarvega.com\/casa-cultura\/wp-content\/uploads\/2023\/01\/Mi-movil-28-Abril.jpg 960w, https:\/\/cullarvega.com\/casa-cultura\/wp-content\/uploads\/2023\/01\/Mi-movil-28-Abril-300x169.jpg 300w, https:\/\/cullarvega.com\/casa-cultura\/wp-content\/uploads\/2023\/01\/Mi-movil-28-Abril-768x432.jpg 768w, https:\/\/cullarvega.com\/casa-cultura\/wp-content\/uploads\/2023\/01\/Mi-movil-28-Abril-600x338.jpg 600w, https:\/\/cullarvega.com\/casa-cultura\/wp-content\/uploads\/2023\/01\/Mi-movil-28-Abril-560x315.jpg 560w\" sizes=\"(max-width: 960px) 100vw, 960px\" \/><\/figure>\n","protected":false},"excerpt":{"rendered":"<p>Dentro del proyecto EduACD se va a realizar un taller en colaboraci\u00f3n con la Universidad de Granada (Ciencias de la Educaci\u00f3n) y el centro Guadalinfo de C\u00fallar Vega para descubrir y aprender h\u00e1bitos f\u00e1ciles y pr\u00e1cticos con los que mejorar la seguridad en nuestros dispositivos m\u00f3viles.<\/p>\n","protected":false},"author":1,"featured_media":20348,"comment_status":"open","ping_status":"open","sticky":false,"template":"","format":"standard","meta":{"footnotes":""},"categories":[43],"tags":[],"class_list":["post-13264","post","type-post","status-publish","format-standard","has-post-thumbnail","hentry","category-punto-vuela"],"_links":{"self":[{"href":"https:\/\/cullarvega.com\/casa-cultura\/wp-json\/wp\/v2\/posts\/13264","targetHints":{"allow":["GET"]}}],"collection":[{"href":"https:\/\/cullarvega.com\/casa-cultura\/wp-json\/wp\/v2\/posts"}],"about":[{"href":"https:\/\/cullarvega.com\/casa-cultura\/wp-json\/wp\/v2\/types\/post"}],"author":[{"embeddable":true,"href":"https:\/\/cullarvega.com\/casa-cultura\/wp-json\/wp\/v2\/users\/1"}],"replies":[{"embeddable":true,"href":"https:\/\/cullarvega.com\/casa-cultura\/wp-json\/wp\/v2\/comments?post=13264"}],"version-history":[{"count":3,"href":"https:\/\/cullarvega.com\/casa-cultura\/wp-json\/wp\/v2\/posts\/13264\/revisions"}],"predecessor-version":[{"id":22189,"href":"https:\/\/cullarvega.com\/casa-cultura\/wp-json\/wp\/v2\/posts\/13264\/revisions\/22189"}],"wp:featuredmedia":[{"embeddable":true,"href":"https:\/\/cullarvega.com\/casa-cultura\/wp-json\/wp\/v2\/media\/20348"}],"wp:attachment":[{"href":"https:\/\/cullarvega.com\/casa-cultura\/wp-json\/wp\/v2\/media?parent=13264"}],"wp:term":[{"taxonomy":"category","embeddable":true,"href":"https:\/\/cullarvega.com\/casa-cultura\/wp-json\/wp\/v2\/categories?post=13264"},{"taxonomy":"post_tag","embeddable":true,"href":"https:\/\/cullarvega.com\/casa-cultura\/wp-json\/wp\/v2\/tags?post=13264"}],"curies":[{"name":"wp","href":"https:\/\/api.w.org\/{rel}","templated":true}]}}