{"id":13064,"date":"2021-03-25T18:00:00","date_gmt":"2021-03-25T17:00:00","guid":{"rendered":"https:\/\/www.cullarvega.com\/?p=13064"},"modified":"2026-01-28T09:11:32","modified_gmt":"2026-01-28T07:11:32","slug":"taller-de-ofimatica-colaborativa-congoogle-drive","status":"publish","type":"post","link":"https:\/\/cullarvega.com\/casa-cultura\/taller-de-ofimatica-colaborativa-congoogle-drive\/","title":{"rendered":"Taller de Ofim\u00e1tica Colaborativa con\u00bbGoogle Drive\u00bb"},"content":{"rendered":"\n<p>Dentro del proyecto <strong>Aprendizaje Online<\/strong>, que se est\u00e1 desarrollando desde el Ayuntamiento de C\u00fallar Vega y el Centro Guadalinfo de C\u00fallar Vega, tendr\u00e1 lugar un Taller de <strong>Ofim\u00e1tica Colaborativa con GOOGLE DRIVE <\/strong>en el que aprenderemos a crear, modificar y compartir <strong>Documentos<\/strong>, <strong>Hojas de C\u00e1lculo<\/strong>, <strong>Formularios<\/strong>, <strong>Presentaciones<\/strong>, <strong>Webs<\/strong>, <strong>MyMaps <\/strong>y <strong>Dibujos <\/strong>con <strong>Google Drive<\/strong>.<\/p>\n\n\n\n<p>\ud83d\udc41\ufe0f <strong>CONTENIDO<\/strong>: <strong>Introducci\u00f3n <\/strong>(interfaz, trabajos con archivos y carpetas) | Crear, Editar y Compartir <strong>Documentos <\/strong>de Google, <strong>Hojas de C\u00e1lculo<\/strong> de Google, <strong>Formularios <\/strong>de Google, <strong>Presentaciones <\/strong>de Google y <strong>Otras Herramientas <\/strong>como creaci\u00f3n de sitios web con Google Sites, mymaps y dibujos de Google.<\/p>\n\n\n\n<p>\ud83d\udc49 <strong>DIRIGIDO A<\/strong>: cualquier persona interesada en la materia. Imprescindible conocimientos b\u00e1sicos de ofim\u00e1tica y manejo de internet.<\/p>\n\n\n\n<p>\ud83d\udd34 <strong>PLAZAS MUY LIMITADAS <\/strong>por las restricciones COVID-19.<\/p>\n\n\n\n<p>\ud83d\udc68\u200d\ud83c\udfeb <strong>MODALIDAD <\/strong>Presencial<\/p>\n\n\n\n<p>\ud83d\uddd3\ufe0f <strong>FECHA<\/strong>: del 12 al 28 de Abril de 2021 | Lunes y Mi\u00e9rcoles<\/p>\n\n\n\n<p>\ud83d\udea9 <strong>LUGAR<\/strong>: Centro Guadalinfo de C\u00fallar Vega<\/p>\n\n\n\n<p>\u2764\ufe0f <strong>TALLER GRATUITO<\/strong><\/p>\n\n\n\n<p>\ud83d\udcdd <strong>INSCRIPCI\u00d3N ONLINE:<\/strong> <a href=\"https:\/\/forms.gle\/i4RoQxAooYoAipjh8\" target=\"_blank\" rel=\"noreferrer noopener\">https:\/\/forms.gle\/i4RoQxAooYoAipjh8<\/a>  \ud83d\uded1 las inscripciones se realizar\u00e1n por exclusivo orden de llegada y con evaluaci\u00f3n previa. <\/p>\n\n\n\n<p>\ud83d\udc49 <strong>M\u00c1S INFO <\/strong>Whastapp: 683 15 01 02<\/p>\n\n\n\n<figure class=\"wp-block-image size-full is-style-default\"><img fetchpriority=\"high\" decoding=\"async\" width=\"709\" height=\"1024\" src=\"https:\/\/cullarvega.com\/casa-cultura\/wp-content\/uploads\/2023\/01\/ofimatica.colaborativa-google-drive-709x1024-1.jpg\" alt=\"\" class=\"wp-image-20350\" srcset=\"https:\/\/cullarvega.com\/casa-cultura\/wp-content\/uploads\/2023\/01\/ofimatica.colaborativa-google-drive-709x1024-1.jpg 709w, https:\/\/cullarvega.com\/casa-cultura\/wp-content\/uploads\/2023\/01\/ofimatica.colaborativa-google-drive-709x1024-1-208x300.jpg 208w, https:\/\/cullarvega.com\/casa-cultura\/wp-content\/uploads\/2023\/01\/ofimatica.colaborativa-google-drive-709x1024-1-415x600.jpg 415w, https:\/\/cullarvega.com\/casa-cultura\/wp-content\/uploads\/2023\/01\/ofimatica.colaborativa-google-drive-709x1024-1-388x560.jpg 388w\" sizes=\"(max-width: 709px) 100vw, 709px\" \/><\/figure>\n","protected":false},"excerpt":{"rendered":"<p>Dentro del proyecto Aprendizaje Online, que se est\u00e1 desarrollando desde el Ayuntamiento de C\u00fallar Vega y el Centro Guadalinfo de C\u00fallar Vega, tendr\u00e1 lugar un Taller de Ofim\u00e1tica Colaborativa con GOOGLE DRIVE en el que aprenderemos a crear, modificar y compartir Documentos, Hojas de C\u00e1lculo, Formularios, Presentaciones, Webs, MyMaps y Dibujos con Google Drive. \ud83d\udc41\ufe0f [&hellip;]<\/p>\n","protected":false},"author":1,"featured_media":20350,"comment_status":"open","ping_status":"open","sticky":false,"template":"","format":"standard","meta":{"footnotes":""},"categories":[43],"tags":[],"class_list":["post-13064","post","type-post","status-publish","format-standard","has-post-thumbnail","hentry","category-punto-vuela"],"_links":{"self":[{"href":"https:\/\/cullarvega.com\/casa-cultura\/wp-json\/wp\/v2\/posts\/13064","targetHints":{"allow":["GET"]}}],"collection":[{"href":"https:\/\/cullarvega.com\/casa-cultura\/wp-json\/wp\/v2\/posts"}],"about":[{"href":"https:\/\/cullarvega.com\/casa-cultura\/wp-json\/wp\/v2\/types\/post"}],"author":[{"embeddable":true,"href":"https:\/\/cullarvega.com\/casa-cultura\/wp-json\/wp\/v2\/users\/1"}],"replies":[{"embeddable":true,"href":"https:\/\/cullarvega.com\/casa-cultura\/wp-json\/wp\/v2\/comments?post=13064"}],"version-history":[{"count":3,"href":"https:\/\/cullarvega.com\/casa-cultura\/wp-json\/wp\/v2\/posts\/13064\/revisions"}],"predecessor-version":[{"id":22188,"href":"https:\/\/cullarvega.com\/casa-cultura\/wp-json\/wp\/v2\/posts\/13064\/revisions\/22188"}],"wp:featuredmedia":[{"embeddable":true,"href":"https:\/\/cullarvega.com\/casa-cultura\/wp-json\/wp\/v2\/media\/20350"}],"wp:attachment":[{"href":"https:\/\/cullarvega.com\/casa-cultura\/wp-json\/wp\/v2\/media?parent=13064"}],"wp:term":[{"taxonomy":"category","embeddable":true,"href":"https:\/\/cullarvega.com\/casa-cultura\/wp-json\/wp\/v2\/categories?post=13064"},{"taxonomy":"post_tag","embeddable":true,"href":"https:\/\/cullarvega.com\/casa-cultura\/wp-json\/wp\/v2\/tags?post=13064"}],"curies":[{"name":"wp","href":"https:\/\/api.w.org\/{rel}","templated":true}]}}