{"id":12839,"date":"2021-01-21T12:40:44","date_gmt":"2021-01-21T12:40:44","guid":{"rendered":"https:\/\/www.cullarvega.com\/?p=12839"},"modified":"2023-01-11T06:24:16","modified_gmt":"2023-01-11T06:24:16","slug":"premiados-del-xxxiii-certamen-literario-de-cullar-vega","status":"publish","type":"post","link":"https:\/\/cullarvega.com\/casa-cultura\/premiados-del-xxxiii-certamen-literario-de-cullar-vega\/","title":{"rendered":"Premiados del XXXIII Certamen Literario de C\u00fallar Vega"},"content":{"rendered":"\n<p>La XXXIII edici\u00f3n del Certamen Literario de C\u00fallar Vega de 2020 ya tiene premiados:<\/p>\n\n\n\n<p><strong>Modalidad Relato Corto:<\/strong><\/p>\n\n\n\n<ul class=\"wp-block-list\">\n<li>Primer Premio (200 \u20ac):&nbsp;\u00ab<strong><a href=\"https:\/\/www.cullarvega.com\/wp-content\/uploads\/2021\/01\/lluviaquenocesa.pdf\" target=\"_blank\" rel=\"noreferrer noopener\">Lluvia que no cesa<\/a><\/strong>\u00bb de <strong>Juan Manuel Ruiz Su\u00e1rez<\/strong>,&nbsp; de La Laguna Canarias.<\/li>\n\n\n\n<li>Segundo Premio (140 \u20ac): \u00ab<strong><a href=\"https:\/\/www.cullarvega.com\/wp-content\/uploads\/2021\/01\/diagonalalfiles.pdf\" target=\"_blank\" rel=\"noreferrer noopener\">Diagonal de los alfiles<\/a><\/strong>\u00bb de <strong>Rub\u00e9n Mayoral Fern\u00e1ndez<\/strong>,&nbsp; de Avil\u00e9s (Asturias).<\/li>\n<\/ul>\n\n\n\n<p><strong>Modalidad Poes\u00eda:<\/strong><\/p>\n\n\n\n<ul class=\"wp-block-list\">\n<li>Primer Premio (200 \u20ac):&nbsp;Poemario \u00ab<strong><a href=\"https:\/\/www.cullarvega.com\/wp-content\/uploads\/2021\/01\/ecosatrasluz.pdf\" target=\"_blank\" rel=\"noreferrer noopener\">Ecos a trasluz<\/a><\/strong>\u00bb de&nbsp;<strong>Jorge Cappa Fern\u00e1ndez &nbsp;Rodr\u00edguez<\/strong>,&nbsp; de Madrid.<\/li>\n\n\n\n<li>Segundo Premio (140\u20ac):&nbsp;<strong><a href=\"https:\/\/www.cullarvega.com\/wp-content\/uploads\/2021\/01\/icaro.pdf\" target=\"_blank\" rel=\"noreferrer noopener\">Poemario de Luis Hinojosa Delgado<\/a><\/strong> de Santa Cruz del Comercio (Granada).<\/li>\n<\/ul>\n\n\n\n<p><strong>Modalidad Autor Local:<\/strong><\/p>\n\n\n\n<ul class=\"wp-block-list\">\n<li>\u00danico Premio (120 \u20ac): \u00ab<strong><a href=\"https:\/\/www.cullarvega.com\/wp-content\/uploads\/2021\/01\/ojospueblo.pdf\" target=\"_blank\" rel=\"noreferrer noopener\">Los ojos del pueblo<\/a><\/strong>\u00bb de <strong>Salvador Moreno S\u00e1nchez<\/strong><\/li>\n<\/ul>\n\n\n\n<figure class=\"wp-block-image size-full\"><img fetchpriority=\"high\" decoding=\"async\" width=\"848\" height=\"1024\" src=\"https:\/\/cullarvega.com\/casa-cultura\/wp-content\/uploads\/2023\/01\/Acta-certamen-literario2020-848x1024-1.jpg\" alt=\"\" class=\"wp-image-20355\" srcset=\"https:\/\/cullarvega.com\/casa-cultura\/wp-content\/uploads\/2023\/01\/Acta-certamen-literario2020-848x1024-1.jpg 848w, https:\/\/cullarvega.com\/casa-cultura\/wp-content\/uploads\/2023\/01\/Acta-certamen-literario2020-848x1024-1-248x300.jpg 248w, https:\/\/cullarvega.com\/casa-cultura\/wp-content\/uploads\/2023\/01\/Acta-certamen-literario2020-848x1024-1-768x927.jpg 768w, https:\/\/cullarvega.com\/casa-cultura\/wp-content\/uploads\/2023\/01\/Acta-certamen-literario2020-848x1024-1-497x600.jpg 497w, https:\/\/cullarvega.com\/casa-cultura\/wp-content\/uploads\/2023\/01\/Acta-certamen-literario2020-848x1024-1-464x560.jpg 464w\" sizes=\"(max-width: 848px) 100vw, 848px\" \/><\/figure>\n","protected":false},"excerpt":{"rendered":"<p>La XXXIII edici\u00f3n del Certamen Literario de C\u00fallar Vega de 2020 ya tiene premiados: Modalidad Relato Corto: Modalidad Poes\u00eda: Modalidad Autor Local:<\/p>\n","protected":false},"author":1,"featured_media":20355,"comment_status":"open","ping_status":"open","sticky":false,"template":"","format":"standard","meta":{"footnotes":""},"categories":[41],"tags":[],"class_list":["post-12839","post","type-post","status-publish","format-standard","has-post-thumbnail","hentry","category-biblioteca"],"_links":{"self":[{"href":"https:\/\/cullarvega.com\/casa-cultura\/wp-json\/wp\/v2\/posts\/12839","targetHints":{"allow":["GET"]}}],"collection":[{"href":"https:\/\/cullarvega.com\/casa-cultura\/wp-json\/wp\/v2\/posts"}],"about":[{"href":"https:\/\/cullarvega.com\/casa-cultura\/wp-json\/wp\/v2\/types\/post"}],"author":[{"embeddable":true,"href":"https:\/\/cullarvega.com\/casa-cultura\/wp-json\/wp\/v2\/users\/1"}],"replies":[{"embeddable":true,"href":"https:\/\/cullarvega.com\/casa-cultura\/wp-json\/wp\/v2\/comments?post=12839"}],"version-history":[{"count":2,"href":"https:\/\/cullarvega.com\/casa-cultura\/wp-json\/wp\/v2\/posts\/12839\/revisions"}],"predecessor-version":[{"id":20356,"href":"https:\/\/cullarvega.com\/casa-cultura\/wp-json\/wp\/v2\/posts\/12839\/revisions\/20356"}],"wp:featuredmedia":[{"embeddable":true,"href":"https:\/\/cullarvega.com\/casa-cultura\/wp-json\/wp\/v2\/media\/20355"}],"wp:attachment":[{"href":"https:\/\/cullarvega.com\/casa-cultura\/wp-json\/wp\/v2\/media?parent=12839"}],"wp:term":[{"taxonomy":"category","embeddable":true,"href":"https:\/\/cullarvega.com\/casa-cultura\/wp-json\/wp\/v2\/categories?post=12839"},{"taxonomy":"post_tag","embeddable":true,"href":"https:\/\/cullarvega.com\/casa-cultura\/wp-json\/wp\/v2\/tags?post=12839"}],"curies":[{"name":"wp","href":"https:\/\/api.w.org\/{rel}","templated":true}]}}