{"id":12704,"date":"2020-12-23T12:00:00","date_gmt":"2020-12-23T11:00:00","guid":{"rendered":"https:\/\/www.cullarvega.com\/?p=12704"},"modified":"2023-01-11T06:24:31","modified_gmt":"2023-01-11T06:24:31","slug":"cullar-vega-pone-en-marcha-su-propio-amazon-con-tiendas-locales-y-reparto-gratuito-a-domicilio","status":"publish","type":"post","link":"https:\/\/cullarvega.com\/casa-cultura\/cullar-vega-pone-en-marcha-su-propio-amazon-con-tiendas-locales-y-reparto-gratuito-a-domicilio\/","title":{"rendered":"C\u00fallar Vega pone en marcha su propio \u2018Amazon\u2019 con tiendas locales y reparto gratuito a domicilio"},"content":{"rendered":"\n<h3 class=\"wp-block-heading\"><strong>El Ayuntamiento, en colaboraci\u00f3n con la Asociaci\u00f3n de Comerciantes y el Centro Guadalinfo, crea una plataforma de ventas denominada \u2018C\u00fallar Vega Compras\u2019<\/strong><\/h3>\n\n\n\n<h3 class=\"wp-block-heading\"><strong>Los vecinos pueden comprar \u2018on line\u2019 productos de los negocios locales, que recibir\u00e1n sin coste alguno en casa<\/strong><\/h3>\n\n\n\n<hr class=\"wp-block-separator has-css-opacity\"\/>\n\n\n\n<p>El municipio de C\u00fallar Vega se ha convertido en uno de los primeros de la provincia en poner en marcha su propio \u2018<strong>Amazon<\/strong>\u2019 local, gracias a una iniciativa de la concejal\u00eda de<strong> Desarrollo Local<\/strong> en colaboraci\u00f3n con la <strong>Asociaci\u00f3n de Comerciantes<\/strong> de C\u00fallar Vega y el Centro <strong>Guadalinfo<\/strong>.<\/p>\n\n\n\n<p>Desde esta semana, los vecinos de C\u00fallar Vega podr\u00e1n realizar sus compras c\u00f3modamente desde casa en los comercios locales, y recibir los productos gratuitamente en sus domicilios, gracias a la nueva plataforma de venta de productos <strong>C\u00fallar Vega Compras<\/strong> (<a href=\"http:\/\/www.cullarvegacompras.com\" target=\"_blank\" rel=\"noreferrer noopener\">www.cullarvegacompras.com<\/a>), una suerte de Amazon cullero&nbsp; en el que los negocios de toda la vida podr\u00e1n vender sus productos de manera gratuita.<\/p>\n\n\n\n<p><em>\u201cDurante el confinamiento, desde el Centro Guadalinfo de C\u00fallar Vega realizamos una de las primeras gu\u00edas de negocios de la provincia, y ahora hemos querido ir un paso m\u00e1s all\u00e1, poniendo en marcha una \u00fanica tienda virtual que, adem\u00e1s, es gratis para nuestros comerciantes, y en la que los productos est\u00e1n clasificados por sectores (alimentaci\u00f3n, moda, hogar, electr\u00f3nica, etc<\/em>.\u201d, explica la concejala de Desarrollo Local cullera, <strong>Elvira Ram\u00edrez<\/strong>.<\/p>\n\n\n\n<p><strong>M\u00c1S DE 25 NEGOCIOS Y 200 PRODUCTOS<\/strong><\/p>\n\n\n\n<p>As\u00ed, los m\u00e1s de 25 negocios de C\u00fallar Vega que ya se han sumado a este \u2018Amazon\u2019 local pueden subir a la plataforma los productos que quieran (ya son m\u00e1s de 200 disponibles), y los vecinos pueden comprarlos desde la web y pagar con su tarjeta de cr\u00e9dito y recibirlos posteriormente en sus domicilios de manera gratuita, si viven en C\u00fallar Vega, o con un peque\u00f1o coste si son de fuera.<\/p>\n\n\n\n<p>El objetivo principal de esta iniciativa ha sido digitalizar los comercios de C\u00fallar Vega, \u201c<em>fortaleciendo as\u00ed la econom\u00eda local y ofreciendo a nuestros empresarios la posibilidad de expansi\u00f3n comercial de sus negocios hacia el resto de Ela provincia, e incluso fuera de ella<\/em>\u201d, apunta el alcalde cullero, <strong>Jorge S\u00e1nchez<\/strong>. As\u00ed, la plataforma tiene un funcionamiento similar a Amazon, \u201c<em>pero ofrece la calidad y el servicio que solo el comercio local de cercan\u00eda puede dar<\/em>\u201d.<\/p>\n\n\n\n<p>C\u00fallar Vega Compras ofrece tres tipos de env\u00edo dentro de la plataforma: la recogida en tienda, la <strong>entrega gratuita a domicilios s\u00f3lo de C\u00fallar Vega<\/strong> o el env\u00edo en <strong>48-72 horas<\/strong> para el resto de la pen\u00ednsula con una empresa local de transporte de C\u00fallar Vega.<\/p>\n\n\n\n<p><strong>TAMBI\u00c9N COMIDA A DOMICILIO<\/strong><\/p>\n\n\n\n<p>\u201c<em>Adem\u00e1s, en breve activaremos tambi\u00e9n la posibilidad de pedir comida a domicilio para que, de una forma r\u00e1pida y sencilla, cualquier persona de C\u00fallar Vega o localidades lim\u00edtrofes puedan recibir comida en su propio domicilio de aquellos negocios de la localidad que dispongan de este servicio<\/em>\u201d, se\u00f1ala el regidor.<\/p>\n\n\n\n<p>La concejala de Comercio, Mari \u00c1ngeles Polo, agradece al Agente de Innovaci\u00f3n Local del <strong>Centro Guadalinfo de C\u00fallar Vega<\/strong>, <strong>Emilio Aguilar<\/strong>, \u201c<em>el excelente trabajo que ha llevado a cabo para desarrollar esta plataforma en un tiempo r\u00e9cord<\/em>\u201d, y apunta que cada negocio o comercio recibir\u00e1 formaci\u00f3n por parte del Centro Guadalinfo para que ellos mismos puedan autogestionar sus propios productos, pedidos y env\u00edos, con lo que no hay l\u00edmite de subida de productos a la web.<\/p>\n\n\n\n<p>La edil agradece tambi\u00e9n a <a href=\"http:\/\/gestionatuweb.net\/\" target=\"_blank\" rel=\"noreferrer noopener\">gestionatuweb.net<\/a>, empresa programadora de la tienda, y a <strong>Pepa Morente<\/strong>, la fot\u00f3grafa de C\u00fallar Vega encargada de hacer las fotograf\u00edas de los primeros productos.<\/p>\n\n\n\n<figure class=\"wp-block-image size-full is-style-default\"><img fetchpriority=\"high\" decoding=\"async\" width=\"1024\" height=\"484\" src=\"https:\/\/cullarvega.com\/casa-cultura\/wp-content\/uploads\/2023\/01\/PHOTO-2020-12-22-11-15-48-1024x484-1.jpg\" alt=\"\" class=\"wp-image-20357\" srcset=\"https:\/\/cullarvega.com\/casa-cultura\/wp-content\/uploads\/2023\/01\/PHOTO-2020-12-22-11-15-48-1024x484-1.jpg 1024w, https:\/\/cullarvega.com\/casa-cultura\/wp-content\/uploads\/2023\/01\/PHOTO-2020-12-22-11-15-48-1024x484-1-300x142.jpg 300w, https:\/\/cullarvega.com\/casa-cultura\/wp-content\/uploads\/2023\/01\/PHOTO-2020-12-22-11-15-48-1024x484-1-768x363.jpg 768w, https:\/\/cullarvega.com\/casa-cultura\/wp-content\/uploads\/2023\/01\/PHOTO-2020-12-22-11-15-48-1024x484-1-600x284.jpg 600w, https:\/\/cullarvega.com\/casa-cultura\/wp-content\/uploads\/2023\/01\/PHOTO-2020-12-22-11-15-48-1024x484-1-560x265.jpg 560w\" sizes=\"(max-width: 1024px) 100vw, 1024px\" \/><\/figure>\n\n\n\n<p><\/p>\n","protected":false},"excerpt":{"rendered":"<p>El Ayuntamiento, en colaboraci\u00f3n con la Asociaci\u00f3n de Comerciantes y el Centro Guadalinfo, crea una plataforma de ventas denominada \u2018C\u00fallar Vega Compras\u2019 Los vecinos pueden comprar \u2018on line\u2019 productos de los negocios locales, que recibir\u00e1n sin coste alguno en casa El municipio de C\u00fallar Vega se ha convertido en uno de los primeros de la [&hellip;]<\/p>\n","protected":false},"author":1,"featured_media":20357,"comment_status":"open","ping_status":"open","sticky":false,"template":"","format":"standard","meta":{"footnotes":""},"categories":[43],"tags":[],"class_list":["post-12704","post","type-post","status-publish","format-standard","has-post-thumbnail","hentry","category-punto-vuela"],"_links":{"self":[{"href":"https:\/\/cullarvega.com\/casa-cultura\/wp-json\/wp\/v2\/posts\/12704","targetHints":{"allow":["GET"]}}],"collection":[{"href":"https:\/\/cullarvega.com\/casa-cultura\/wp-json\/wp\/v2\/posts"}],"about":[{"href":"https:\/\/cullarvega.com\/casa-cultura\/wp-json\/wp\/v2\/types\/post"}],"author":[{"embeddable":true,"href":"https:\/\/cullarvega.com\/casa-cultura\/wp-json\/wp\/v2\/users\/1"}],"replies":[{"embeddable":true,"href":"https:\/\/cullarvega.com\/casa-cultura\/wp-json\/wp\/v2\/comments?post=12704"}],"version-history":[{"count":2,"href":"https:\/\/cullarvega.com\/casa-cultura\/wp-json\/wp\/v2\/posts\/12704\/revisions"}],"predecessor-version":[{"id":20359,"href":"https:\/\/cullarvega.com\/casa-cultura\/wp-json\/wp\/v2\/posts\/12704\/revisions\/20359"}],"wp:featuredmedia":[{"embeddable":true,"href":"https:\/\/cullarvega.com\/casa-cultura\/wp-json\/wp\/v2\/media\/20357"}],"wp:attachment":[{"href":"https:\/\/cullarvega.com\/casa-cultura\/wp-json\/wp\/v2\/media?parent=12704"}],"wp:term":[{"taxonomy":"category","embeddable":true,"href":"https:\/\/cullarvega.com\/casa-cultura\/wp-json\/wp\/v2\/categories?post=12704"},{"taxonomy":"post_tag","embeddable":true,"href":"https:\/\/cullarvega.com\/casa-cultura\/wp-json\/wp\/v2\/tags?post=12704"}],"curies":[{"name":"wp","href":"https:\/\/api.w.org\/{rel}","templated":true}]}}