{"id":12186,"date":"2020-10-07T10:07:00","date_gmt":"2020-10-07T08:07:00","guid":{"rendered":"https:\/\/www.cullarvega.com\/?p=12186"},"modified":"2026-01-28T09:11:24","modified_gmt":"2026-01-28T07:11:24","slug":"taller-de-optimizacion-de-videos-y-canales-de-youtube","status":"publish","type":"post","link":"https:\/\/cullarvega.com\/casa-cultura\/taller-de-optimizacion-de-videos-y-canales-de-youtube\/","title":{"rendered":"Taller de Optimizaci\u00f3n de V\u00eddeos y Canales de Youtube"},"content":{"rendered":"\n<p>Taller presencial y gratuito para aprender a optimizar el Canal y los v\u00eddeos en <strong>Youtube<\/strong> con el objetivo de conseguir m\u00e1s seguidores y visualizaciones.<\/p>\n\n\n\n<p>Se va a desarrollar el pr\u00f3ximo martes 20 de octubre de 18 a 20 h. Las plazas son <strong>MUY LIMITADAS<\/strong>.<\/p>\n\n\n\n<p>\u2013 <strong>D\u00eda<\/strong>: Martes 20 de octubre de 2020<\/p>\n\n\n\n<p>\u2013 <strong>Lugar<\/strong>: Centro Guadalinfo de C\u00fallar Vega (Paseo Jer\u00f3nimo de Rueda s\/n Casa de la Cultura) &gt; Enlace Google Maps <a href=\"https:\/\/g.page\/centroguadalinfocullarvega?share\" target=\"_blank\" rel=\"noreferrer noopener\">https:\/\/g.page\/centroguadalinfocullarvega?share<\/a><\/p>\n\n\n\n<p>\u2013 <strong>Inscripci\u00f3n<\/strong>: v\u00eda WhatsApp <a href=\"tel:\/\/683150102\" target=\"_blank\" rel=\"noreferrer noopener\">683 15 01 02<\/a><\/p>\n\n\n\n<figure class=\"wp-block-image size-full is-style-default\"><a href=\"https:\/\/cullarvega.com\/casa-cultura\/wp-content\/uploads\/2023\/01\/taller-youtuber-709x1024-1.jpg\"><img fetchpriority=\"high\" decoding=\"async\" width=\"709\" height=\"1024\" src=\"https:\/\/cullarvega.com\/casa-cultura\/wp-content\/uploads\/2023\/01\/taller-youtuber-709x1024-1.jpg\" alt=\"\" class=\"wp-image-20360\" srcset=\"https:\/\/cullarvega.com\/casa-cultura\/wp-content\/uploads\/2023\/01\/taller-youtuber-709x1024-1.jpg 709w, https:\/\/cullarvega.com\/casa-cultura\/wp-content\/uploads\/2023\/01\/taller-youtuber-709x1024-1-208x300.jpg 208w, https:\/\/cullarvega.com\/casa-cultura\/wp-content\/uploads\/2023\/01\/taller-youtuber-709x1024-1-415x600.jpg 415w, https:\/\/cullarvega.com\/casa-cultura\/wp-content\/uploads\/2023\/01\/taller-youtuber-709x1024-1-388x560.jpg 388w\" sizes=\"(max-width: 709px) 100vw, 709px\" \/><\/a><\/figure>\n","protected":false},"excerpt":{"rendered":"<p>Taller presencial y gratuito para aprender a optimizar el Canal y los v\u00eddeos en Youtube con el objetivo de conseguir m\u00e1s seguidores y visualizaciones. Se va a desarrollar el pr\u00f3ximo martes 20 de octubre de 18 a 20 h. Las plazas son MUY LIMITADAS. \u2013 D\u00eda: Martes 20 de octubre de 2020 \u2013 Lugar: Centro [&hellip;]<\/p>\n","protected":false},"author":1,"featured_media":20360,"comment_status":"open","ping_status":"open","sticky":false,"template":"","format":"standard","meta":{"footnotes":""},"categories":[43],"tags":[],"class_list":["post-12186","post","type-post","status-publish","format-standard","has-post-thumbnail","hentry","category-punto-vuela"],"_links":{"self":[{"href":"https:\/\/cullarvega.com\/casa-cultura\/wp-json\/wp\/v2\/posts\/12186","targetHints":{"allow":["GET"]}}],"collection":[{"href":"https:\/\/cullarvega.com\/casa-cultura\/wp-json\/wp\/v2\/posts"}],"about":[{"href":"https:\/\/cullarvega.com\/casa-cultura\/wp-json\/wp\/v2\/types\/post"}],"author":[{"embeddable":true,"href":"https:\/\/cullarvega.com\/casa-cultura\/wp-json\/wp\/v2\/users\/1"}],"replies":[{"embeddable":true,"href":"https:\/\/cullarvega.com\/casa-cultura\/wp-json\/wp\/v2\/comments?post=12186"}],"version-history":[{"count":3,"href":"https:\/\/cullarvega.com\/casa-cultura\/wp-json\/wp\/v2\/posts\/12186\/revisions"}],"predecessor-version":[{"id":22186,"href":"https:\/\/cullarvega.com\/casa-cultura\/wp-json\/wp\/v2\/posts\/12186\/revisions\/22186"}],"wp:featuredmedia":[{"embeddable":true,"href":"https:\/\/cullarvega.com\/casa-cultura\/wp-json\/wp\/v2\/media\/20360"}],"wp:attachment":[{"href":"https:\/\/cullarvega.com\/casa-cultura\/wp-json\/wp\/v2\/media?parent=12186"}],"wp:term":[{"taxonomy":"category","embeddable":true,"href":"https:\/\/cullarvega.com\/casa-cultura\/wp-json\/wp\/v2\/categories?post=12186"},{"taxonomy":"post_tag","embeddable":true,"href":"https:\/\/cullarvega.com\/casa-cultura\/wp-json\/wp\/v2\/tags?post=12186"}],"curies":[{"name":"wp","href":"https:\/\/api.w.org\/{rel}","templated":true}]}}