{"id":12163,"date":"2020-10-05T09:39:00","date_gmt":"2020-10-05T07:39:00","guid":{"rendered":"https:\/\/www.cullarvega.com\/?p=12163"},"modified":"2026-01-28T09:11:19","modified_gmt":"2026-01-28T07:11:19","slug":"taller-gratuito-y-presencial-de-woocommerce","status":"publish","type":"post","link":"https:\/\/cullarvega.com\/casa-cultura\/taller-gratuito-y-presencial-de-woocommerce\/","title":{"rendered":"Taller gratuito y presencial de Woocommerce"},"content":{"rendered":"\n<p>Taller presencial y gratuito de <strong>Woo-Commerce<\/strong>, el plugin de WordPress m\u00e1s utilizado para crear tiendas online. <\/p>\n\n\n\n<p>Se va a desarrollar el pr\u00f3ximo mi\u00e9rcoles 14 de octubre. Las plazas son <strong>MUY LIMITADAS <\/strong>y es <strong>imprescindible <\/strong>disponer de <strong>CONOCIMIENTOS PREVIOS <\/strong>en el manejo de <strong>WordPress<\/strong>.<\/p>\n\n\n\n<p>&#8211; <strong>D\u00eda<\/strong>: 14 de octubre de 2020<\/p>\n\n\n\n<p>&#8211; <strong>Lugar<\/strong>: Centro Guadalinfo de C\u00fallar Vega (Paseo Jer\u00f3nimo de Rueda s\/n Casa de la Cultura) &gt; Enlace Google Maps <a href=\"https:\/\/g.page\/centroguadalinfocullarvega?share\" target=\"_blank\" rel=\"noreferrer noopener\">https:\/\/g.page\/centroguadalinfocullarvega?share<\/a><\/p>\n\n\n\n<p>&#8211; <strong>Inscripci\u00f3n<\/strong>: v\u00eda WhatsApp <a href=\"tel:\/\/683150102\" target=\"_blank\" rel=\"noreferrer noopener\">683 15 01 02 <\/a><\/p>\n\n\n\n<figure class=\"wp-block-image size-large is-style-default\"><img decoding=\"async\" src=\"https:\/\/www.cullarvega.com\/wp-content\/uploads\/2020\/10\/tallerwoocommerce-709x1024.jpg\" alt=\"\" class=\"wp-image-12165\"\/><\/figure>\n\n\n\n<p><\/p>\n","protected":false},"excerpt":{"rendered":"<p>Taller presencial y gratuito de Woo-Commerce, el plugin de WordPress m\u00e1s utilizado para crear tiendas online. Se va a desarrollar el pr\u00f3ximo mi\u00e9rcoles 14 de octubre. Las plazas son MUY LIMITADAS y es imprescindible disponer de CONOCIMIENTOS PREVIOS en el manejo de WordPress. &#8211; D\u00eda: 14 de octubre de 2020 &#8211; Lugar: Centro Guadalinfo de [&hellip;]<\/p>\n","protected":false},"author":1,"featured_media":20360,"comment_status":"open","ping_status":"open","sticky":false,"template":"","format":"standard","meta":{"footnotes":""},"categories":[43],"tags":[],"class_list":["post-12163","post","type-post","status-publish","format-standard","has-post-thumbnail","hentry","category-punto-vuela"],"_links":{"self":[{"href":"https:\/\/cullarvega.com\/casa-cultura\/wp-json\/wp\/v2\/posts\/12163","targetHints":{"allow":["GET"]}}],"collection":[{"href":"https:\/\/cullarvega.com\/casa-cultura\/wp-json\/wp\/v2\/posts"}],"about":[{"href":"https:\/\/cullarvega.com\/casa-cultura\/wp-json\/wp\/v2\/types\/post"}],"author":[{"embeddable":true,"href":"https:\/\/cullarvega.com\/casa-cultura\/wp-json\/wp\/v2\/users\/1"}],"replies":[{"embeddable":true,"href":"https:\/\/cullarvega.com\/casa-cultura\/wp-json\/wp\/v2\/comments?post=12163"}],"version-history":[{"count":2,"href":"https:\/\/cullarvega.com\/casa-cultura\/wp-json\/wp\/v2\/posts\/12163\/revisions"}],"predecessor-version":[{"id":22185,"href":"https:\/\/cullarvega.com\/casa-cultura\/wp-json\/wp\/v2\/posts\/12163\/revisions\/22185"}],"wp:featuredmedia":[{"embeddable":true,"href":"https:\/\/cullarvega.com\/casa-cultura\/wp-json\/wp\/v2\/media\/20360"}],"wp:attachment":[{"href":"https:\/\/cullarvega.com\/casa-cultura\/wp-json\/wp\/v2\/media?parent=12163"}],"wp:term":[{"taxonomy":"category","embeddable":true,"href":"https:\/\/cullarvega.com\/casa-cultura\/wp-json\/wp\/v2\/categories?post=12163"},{"taxonomy":"post_tag","embeddable":true,"href":"https:\/\/cullarvega.com\/casa-cultura\/wp-json\/wp\/v2\/tags?post=12163"}],"curies":[{"name":"wp","href":"https:\/\/api.w.org\/{rel}","templated":true}]}}