{"id":11522,"date":"2020-08-05T09:00:00","date_gmt":"2020-08-05T07:00:00","guid":{"rendered":"https:\/\/www.cullarvega.com\/?p=11522"},"modified":"2026-01-28T09:11:16","modified_gmt":"2026-01-28T07:11:16","slug":"taller-online-de-iniciacion-a-wordpress","status":"publish","type":"post","link":"https:\/\/cullarvega.com\/casa-cultura\/taller-online-de-iniciacion-a-wordpress\/","title":{"rendered":"Taller online gratuito de Iniciaci\u00f3n a WordPress"},"content":{"rendered":"\n<p>Si quieres <strong>desarrollar<\/strong> y <strong>crear<\/strong> una p\u00e1gina web desde CERO y sin conocimientos de programaci\u00f3n, inscr\u00edbete en este taller donde <strong>aprender\u00e1s<\/strong> todo lo necesario para realizar un proyecto web desde cero..<\/p>\n\n\n\n<ul class=\"wp-block-list\">\n<li><strong>D\u00edas<\/strong>: 19, 21, 24, 26 y 28 de Agosto de 2020<\/li>\n\n\n\n<li><strong>Lugar<\/strong>: Taller Online del Centro Guadalinfo de C\u00fallar Vega a trav\u00e9s de Google Meet<\/li>\n\n\n\n<li><strong>Preinscripci\u00f3n<\/strong> <strong>online<\/strong>:&nbsp;<a aria-label=\"undefined (abre en una nueva pesta\u00f1a)\" href=\"https:\/\/forms.gle\/dhtwup6jZnTe4ijUA\" target=\"_blank\" rel=\"noreferrer noopener\">https:\/\/forms.gle\/dhtwup6jZnTe4ijUA<\/a><\/li>\n\n\n\n<li><strong>+ Info:<\/strong> <a href=\"mailto:guadalinfo.cullarvega@guadalinfo.es\">guadalinfo.cullarvega@guadalinfo.es<\/a><\/li>\n<\/ul>\n\n\n\n<p><em><strong>ATENCI\u00d3N<\/strong>:&nbsp;El nivel del taller requiere unos <strong>conocimientos medios<\/strong> en el uso de la inform\u00e1tica y el manejo de p\u00e1ginas web. Estos conocimientos ser\u00e1n evaluados en la preinscripci\u00f3n online anteriormente citada. El objetivo de esta baremaci\u00f3n es la creaci\u00f3n de grupos homog\u00e9neos de alumnos\/as. M\u00e1s informaci\u00f3n en el <\/em>email <a href=\"mailto:guadalinfo.cullarvega@guadalinfo.es\">guadalinfo.cullarvega@guadalinfo.es<\/a><\/p>\n\n\n\n<figure class=\"wp-block-image size-full is-style-default\"><a href=\"https:\/\/cullarvega.com\/casa-cultura\/wp-content\/uploads\/2023\/01\/taller-wordpress-709x1024-1.jpg\"><img fetchpriority=\"high\" decoding=\"async\" width=\"709\" height=\"1024\" src=\"https:\/\/cullarvega.com\/casa-cultura\/wp-content\/uploads\/2023\/01\/taller-wordpress-709x1024-1.jpg\" alt=\"\" class=\"wp-image-20362\" srcset=\"https:\/\/cullarvega.com\/casa-cultura\/wp-content\/uploads\/2023\/01\/taller-wordpress-709x1024-1.jpg 709w, https:\/\/cullarvega.com\/casa-cultura\/wp-content\/uploads\/2023\/01\/taller-wordpress-709x1024-1-208x300.jpg 208w, https:\/\/cullarvega.com\/casa-cultura\/wp-content\/uploads\/2023\/01\/taller-wordpress-709x1024-1-415x600.jpg 415w, https:\/\/cullarvega.com\/casa-cultura\/wp-content\/uploads\/2023\/01\/taller-wordpress-709x1024-1-388x560.jpg 388w\" sizes=\"(max-width: 709px) 100vw, 709px\" \/><\/a><\/figure>\n","protected":false},"excerpt":{"rendered":"<p>Si quieres desarrollar y crear una p\u00e1gina web desde CERO y sin conocimientos de programaci\u00f3n, inscr\u00edbete en este taller donde aprender\u00e1s todo lo necesario para realizar un proyecto web desde cero.. ATENCI\u00d3N:&nbsp;El nivel del taller requiere unos conocimientos medios en el uso de la inform\u00e1tica y el manejo de p\u00e1ginas web. Estos conocimientos ser\u00e1n evaluados [&hellip;]<\/p>\n","protected":false},"author":1,"featured_media":20362,"comment_status":"open","ping_status":"open","sticky":false,"template":"","format":"standard","meta":{"footnotes":""},"categories":[43],"tags":[],"class_list":["post-11522","post","type-post","status-publish","format-standard","has-post-thumbnail","hentry","category-punto-vuela"],"_links":{"self":[{"href":"https:\/\/cullarvega.com\/casa-cultura\/wp-json\/wp\/v2\/posts\/11522","targetHints":{"allow":["GET"]}}],"collection":[{"href":"https:\/\/cullarvega.com\/casa-cultura\/wp-json\/wp\/v2\/posts"}],"about":[{"href":"https:\/\/cullarvega.com\/casa-cultura\/wp-json\/wp\/v2\/types\/post"}],"author":[{"embeddable":true,"href":"https:\/\/cullarvega.com\/casa-cultura\/wp-json\/wp\/v2\/users\/1"}],"replies":[{"embeddable":true,"href":"https:\/\/cullarvega.com\/casa-cultura\/wp-json\/wp\/v2\/comments?post=11522"}],"version-history":[{"count":3,"href":"https:\/\/cullarvega.com\/casa-cultura\/wp-json\/wp\/v2\/posts\/11522\/revisions"}],"predecessor-version":[{"id":22184,"href":"https:\/\/cullarvega.com\/casa-cultura\/wp-json\/wp\/v2\/posts\/11522\/revisions\/22184"}],"wp:featuredmedia":[{"embeddable":true,"href":"https:\/\/cullarvega.com\/casa-cultura\/wp-json\/wp\/v2\/media\/20362"}],"wp:attachment":[{"href":"https:\/\/cullarvega.com\/casa-cultura\/wp-json\/wp\/v2\/media?parent=11522"}],"wp:term":[{"taxonomy":"category","embeddable":true,"href":"https:\/\/cullarvega.com\/casa-cultura\/wp-json\/wp\/v2\/categories?post=11522"},{"taxonomy":"post_tag","embeddable":true,"href":"https:\/\/cullarvega.com\/casa-cultura\/wp-json\/wp\/v2\/tags?post=11522"}],"curies":[{"name":"wp","href":"https:\/\/api.w.org\/{rel}","templated":true}]}}