{"id":10169,"date":"2020-04-15T07:49:27","date_gmt":"2020-04-15T07:49:27","guid":{"rendered":"https:\/\/www.cullarvega.com\/?p=10169"},"modified":"2023-01-11T06:46:14","modified_gmt":"2023-01-11T06:46:14","slug":"reto-sube-tu-foto-leyendo","status":"publish","type":"post","link":"https:\/\/cullarvega.com\/casa-cultura\/reto-sube-tu-foto-leyendo\/","title":{"rendered":"Reto: Sube tu foto leyendo"},"content":{"rendered":"\n<p>Se acerca el D\u00eda del Libro y desde la Biblioteca y el Centro Guadalinfo de C\u00fallar Vega queremos conocer lo que est\u00e1is leyendo. Por eso retamos a nuestros amigos lectores a que suban una foto leyendo indic\u00e1ndonos el t\u00edtulo del libro. A\u00f1ade los hashtag #lecturentena #D\u00edadelLibro20<\/p>\n\n\n\n<p>Puedes subir la foto a Facebook, Twitter o Instagran y etiqueta a tus amigos a que realicen este reto.<\/p>\n\n\n\n<p>\u00a1Inundemos las Redes Sociales de libros!<\/p>\n\n\n<div class=\"wp-block-image\">\n<figure class=\"alignleft size-full\"><img fetchpriority=\"high\" decoding=\"async\" width=\"680\" height=\"356\" src=\"https:\/\/cullarvega.com\/casa-cultura\/wp-content\/uploads\/2023\/01\/reto.png\" alt=\"\" class=\"wp-image-20452\" srcset=\"https:\/\/cullarvega.com\/casa-cultura\/wp-content\/uploads\/2023\/01\/reto.png 680w, https:\/\/cullarvega.com\/casa-cultura\/wp-content\/uploads\/2023\/01\/reto-300x157.png 300w, https:\/\/cullarvega.com\/casa-cultura\/wp-content\/uploads\/2023\/01\/reto-600x314.png 600w, https:\/\/cullarvega.com\/casa-cultura\/wp-content\/uploads\/2023\/01\/reto-560x293.png 560w\" sizes=\"(max-width: 680px) 100vw, 680px\" \/><\/figure>\n<\/div>","protected":false},"excerpt":{"rendered":"<p>Se acerca el D\u00eda del Libro y desde la Biblioteca y el Centro Guadalinfo de C\u00fallar Vega queremos conocer lo que est\u00e1is leyendo. Por eso retamos a nuestros amigos lectores a que suban una foto leyendo indic\u00e1ndonos el t\u00edtulo del libro. A\u00f1ade los hashtag #lecturentena #D\u00edadelLibro20 Puedes subir la foto a Facebook, Twitter o Instagran [&hellip;]<\/p>\n","protected":false},"author":1,"featured_media":20452,"comment_status":"open","ping_status":"open","sticky":false,"template":"","format":"standard","meta":{"footnotes":""},"categories":[41,43],"tags":[],"class_list":["post-10169","post","type-post","status-publish","format-standard","has-post-thumbnail","hentry","category-biblioteca","category-punto-vuela"],"_links":{"self":[{"href":"https:\/\/cullarvega.com\/casa-cultura\/wp-json\/wp\/v2\/posts\/10169","targetHints":{"allow":["GET"]}}],"collection":[{"href":"https:\/\/cullarvega.com\/casa-cultura\/wp-json\/wp\/v2\/posts"}],"about":[{"href":"https:\/\/cullarvega.com\/casa-cultura\/wp-json\/wp\/v2\/types\/post"}],"author":[{"embeddable":true,"href":"https:\/\/cullarvega.com\/casa-cultura\/wp-json\/wp\/v2\/users\/1"}],"replies":[{"embeddable":true,"href":"https:\/\/cullarvega.com\/casa-cultura\/wp-json\/wp\/v2\/comments?post=10169"}],"version-history":[{"count":2,"href":"https:\/\/cullarvega.com\/casa-cultura\/wp-json\/wp\/v2\/posts\/10169\/revisions"}],"predecessor-version":[{"id":20453,"href":"https:\/\/cullarvega.com\/casa-cultura\/wp-json\/wp\/v2\/posts\/10169\/revisions\/20453"}],"wp:featuredmedia":[{"embeddable":true,"href":"https:\/\/cullarvega.com\/casa-cultura\/wp-json\/wp\/v2\/media\/20452"}],"wp:attachment":[{"href":"https:\/\/cullarvega.com\/casa-cultura\/wp-json\/wp\/v2\/media?parent=10169"}],"wp:term":[{"taxonomy":"category","embeddable":true,"href":"https:\/\/cullarvega.com\/casa-cultura\/wp-json\/wp\/v2\/categories?post=10169"},{"taxonomy":"post_tag","embeddable":true,"href":"https:\/\/cullarvega.com\/casa-cultura\/wp-json\/wp\/v2\/tags?post=10169"}],"curies":[{"name":"wp","href":"https:\/\/api.w.org\/{rel}","templated":true}]}}